{"id":84528,"date":"2025-12-07T11:00:16","date_gmt":"2025-12-07T15:00:16","guid":{"rendered":"https:\/\/pldaldia.com\/portada\/?p=84528"},"modified":"2025-12-07T11:00:16","modified_gmt":"2025-12-07T15:00:16","slug":"comprometidos-en-el-fortalecimiento-del-sistema-educativo","status":"publish","type":"post","link":"https:\/\/pldaldia.com\/portada\/comprometidos-en-el-fortalecimiento-del-sistema-educativo\/","title":{"rendered":"Comprometidos en el fortalecimiento del sistema educativo"},"content":{"rendered":"<p>En intensa jornada la corriente magisterial Eugenio Mar\u00eda de Hostos del PLD, instala los equipos de coordinaci\u00f3n en Bahoruco, Barahona y Azua<\/p>\n<p><a href=\"http:\/\/vanguardiadelpueblo.do\/wp-content\/uploads\/2025\/12\/843a2d1d-19af-4e87-9684-48142883aa26.jpg\"><img decoding=\"async\" loading=\"lazy\" class=\"alignright size-medium wp-image-232056\" src=\"http:\/\/vanguardiadelpueblo.do\/wp-content\/uploads\/2025\/12\/843a2d1d-19af-4e87-9684-48142883aa26-480x221.jpg\" alt=\"\" width=\"480\" height=\"221\" \/><\/a>En una intensa agenda de fin de semana la direcci\u00f3n nacional de la Corriente Magisterial Eugenio Mar\u00eda de Hostos jurament\u00f3 y dej\u00f3 en funcionamiento las coordinaciones municipales en las provincias Bahoruco, Barahona y Azua.<\/p>\n<p>Radham\u00e9s Camacho, titular de la Secretar\u00eda de Asuntos Magisteriales y coordinador de la corriente de las y los maestros pelede\u00edstas, encabez\u00f3 las asambleas de los profesores, las que contaron con la participaci\u00f3n de una representaci\u00f3n de los directivos nacionales y la dirigencia del PLD en las provincias visitadas.<\/p>\n<p>En el caso de Barahona la juramentaci\u00f3n se desarroll\u00f3 en la residencia de la Coordinadora Provincial de la Corriente Magisterial Eugenio Mar\u00eda de Hostos y miembro del Comit\u00e9 Central del PLD, Am\u00e9rica P\u00e9rez, quien ofreci\u00f3 las palabras de bienvenida.<\/p>\n<p>Las palabras de motivaci\u00f3n estuvieron a cargo del presidente provincial del PLD, Rafael Ferreras (Pepe), quien exhort\u00f3 a los presentes a trabajar duro para lograr el objetivo con miras al 2028.<\/p>\n<p><a href=\"http:\/\/vanguardiadelpueblo.do\/wp-content\/uploads\/2025\/12\/fce0754e-2833-4fdb-be1a-65150fab199b.jpg\"><img decoding=\"async\" loading=\"lazy\" class=\"size-medium wp-image-232055 alignleft\" src=\"http:\/\/vanguardiadelpueblo.do\/wp-content\/uploads\/2025\/12\/fce0754e-2833-4fdb-be1a-65150fab199b-480x299.jpg\" alt=\"\" width=\"480\" height=\"299\" \/><\/a>En dicho acto estuvieron presentes el presidente municipal del PLD en Barahona, Santos Alc\u00e1ntara, la ex diputada y maestra Rudy Mar\u00eda M\u00e9ndez (\u00d1i\u00f1\u00edn), Franklin Ferreras, as\u00ed como Yeiri P\u00e9rez, quien es miembro del Comit\u00e9 Central.<\/p>\n<p>Tambi\u00e9n el profesor Nazario Pe\u00f1a Ru\u00edz, entre otros dirigentes del PLD en el municipio de Barahona.<\/p>\n<p>Los equipos conformados tienen la responsabilidad de trabajar por el fortalecimiento de esa entidad gremial y los compromisos asumidos para defender el sistema educativo.<\/p>\n<p>Radham\u00e9s Camacho, coordinador de la corriente de profesores en las palabras de cierre de los encuentros realizados enfoc\u00f3 los aspectos relativos al magisterio, a su gremio y a la militancia partidaria de los participantes.<\/p>\n","protected":false},"excerpt":{"rendered":"<p>En intensa jornada la corriente magisterial Eugenio Mar\u00eda de Hostos del PLD, instala los equipos de coordinaci\u00f3n en Bahoruco, Barahona y Azua En una intensa agenda de fin de semana la direcci\u00f3n nacional de la Corriente Magisterial Eugenio Mar\u00eda de Hostos jurament\u00f3 y dej\u00f3 en funcionamiento las coordinaciones municipales en las provincias Bahoruco, Barahona y [&hellip;]<\/p>\n","protected":false},"author":1,"featured_media":84529,"comment_status":"open","ping_status":"open","sticky":false,"template":"","format":"standard","meta":{"tdm_status":"","tdm_grid_status":"","footnotes":""},"categories":[9],"tags":[],"_links":{"self":[{"href":"https:\/\/pldaldia.com\/portada\/wp-json\/wp\/v2\/posts\/84528"}],"collection":[{"href":"https:\/\/pldaldia.com\/portada\/wp-json\/wp\/v2\/posts"}],"about":[{"href":"https:\/\/pldaldia.com\/portada\/wp-json\/wp\/v2\/types\/post"}],"author":[{"embeddable":true,"href":"https:\/\/pldaldia.com\/portada\/wp-json\/wp\/v2\/users\/1"}],"replies":[{"embeddable":true,"href":"https:\/\/pldaldia.com\/portada\/wp-json\/wp\/v2\/comments?post=84528"}],"version-history":[{"count":1,"href":"https:\/\/pldaldia.com\/portada\/wp-json\/wp\/v2\/posts\/84528\/revisions"}],"predecessor-version":[{"id":84530,"href":"https:\/\/pldaldia.com\/portada\/wp-json\/wp\/v2\/posts\/84528\/revisions\/84530"}],"wp:featuredmedia":[{"embeddable":true,"href":"https:\/\/pldaldia.com\/portada\/wp-json\/wp\/v2\/media\/84529"}],"wp:attachment":[{"href":"https:\/\/pldaldia.com\/portada\/wp-json\/wp\/v2\/media?parent=84528"}],"wp:term":[{"taxonomy":"category","embeddable":true,"href":"https:\/\/pldaldia.com\/portada\/wp-json\/wp\/v2\/categories?post=84528"},{"taxonomy":"post_tag","embeddable":true,"href":"https:\/\/pldaldia.com\/portada\/wp-json\/wp\/v2\/tags?post=84528"}],"curies":[{"name":"wp","href":"https:\/\/api.w.org\/{rel}","templated":true}]}}