{"id":84535,"date":"2025-12-07T16:52:13","date_gmt":"2025-12-07T20:52:13","guid":{"rendered":"https:\/\/pldaldia.com\/portada\/?p=84535"},"modified":"2025-12-07T16:52:13","modified_gmt":"2025-12-07T20:52:13","slug":"el-prm-ya-perdio-las-elecciones-del-2028-video","status":"publish","type":"post","link":"https:\/\/pldaldia.com\/portada\/el-prm-ya-perdio-las-elecciones-del-2028-video\/","title":{"rendered":"El PRM ya perdi\u00f3 las elecciones del 2028 | Video"},"content":{"rendered":"<p>Johnny Pujols, critica el desempe\u00f1o del actual gobierno. Los \u00faltimos a\u00f1os han sido de grandes dificultades para los dominicanos, afirma.<\/p>\n<p>El secretario general del Partido de la Liberaci\u00f3n Dominicana (PLD \u201cLa gente la est\u00e1 pasando muy mal, la comida est\u00e1 m\u00e1s cara que nunca y el sector agropecuario ha sido golpeado fuertemente. Por eso debemos levantarnos y defender al pueblo\u201d, dijo Pujols al dejar en funcionamiento el local del PLD en municipio Jima Abajo, de la provincia La Vega<\/p>\n<p><a href=\"http:\/\/vanguardiadelpueblo.do\/wp-content\/uploads\/2025\/12\/WhatsApp-Image-2025-12-07-at-3.32.11-PM.jpeg\"><img decoding=\"async\" loading=\"lazy\" class=\"alignright size-medium wp-image-232063\" src=\"http:\/\/vanguardiadelpueblo.do\/wp-content\/uploads\/2025\/12\/WhatsApp-Image-2025-12-07-at-3.32.11-PM-480x320.jpeg\" alt=\"\" width=\"480\" height=\"320\" \/><\/a>En su intervenci\u00f3n Pujols resalt\u00f3 el orgullo que deben sentir los pelede\u00edstas por las gestiones de gobierno realizadas y llam\u00f3 a la dirigencia a asumir con firmeza el rol de orientar y educar a la ciudadan\u00eda.<\/p>\n<p>\u201cTenemos que sentirnos orgullosos del gobierno que hicimos. El PRM ya perdi\u00f3 las elecciones del 2028 con su gobierno; nuestra tarea es organizarnos y salir a ganar. Vamos a lograr el triunfo en el 2028, porque el pueblo necesita volver a un gobierno que trabaje para ellos\u201d, expres\u00f3.<\/p>\n<p>En v\u00edsperas del 52 aniversario de la fundaci\u00f3n del PLD, Pujols destac\u00f3 la vocaci\u00f3n de servicio que ha caracterizado al partido desde su fundaci\u00f3n.: \u201cJuan Bosch cre\u00f3 un partido para servir al pueblo. Muchas generaciones nos hemos formado en esa escuela. Los pelede\u00edstas estamos donde se nos necesita: en los ayuntamientos, en el Congreso, en las comunidades, siempre al servicio del pa\u00eds\u201d, manifest\u00f3.<\/p>\n<p>Johnny Pujols explic\u00f3 que la inauguraci\u00f3n del local en Jima Abajo forma parte de los 41 locales abiertos o reacondicionados este a\u00f1o, dentro de una meta de 100 espacios pol\u00edticos activos antes de junio.<\/p>\n<p>Indic\u00f3 que estos locales permitir\u00e1n planificar el trabajo partidario, fortalecer la organizaci\u00f3n de base y desplegar las acciones del PLD en los territorios: \u201cAqu\u00ed se gana visitando a la gente, hablando con cada ciudadano, haciendo conciencia. Esa es la tarea\u201d.<\/p>\n<p>Motiv\u00f3 a la militancia a comprometerse con el objetivo de recuperar el poder: \u201cTenemos tres a\u00f1os para hacer el trabajo. Y con la firmeza y disciplina que ha caracterizado al PLD, lo vamos a lograr\u201d.<\/p>\n<p>El secretario general del PLD estuvo acompa\u00f1ado en este recorrido por Jos\u00e9 Dant\u00e9s D\u00edaz, , miembro del Comit\u00e9 Pol\u00edtico; Aura Toribio, miembro del Comit\u00e9 Pol\u00edtico, supervisora de los Enlaces en la provincia Bol\u00edvar Marte, presidente provincial; \u00c1ngel Est\u00e9vez, miembro del Comit\u00e9 Central, entre otros dirigentes locales<\/p>\n<blockquote class=\"twitter-tweet\">\n<p lang=\"es\" dir=\"ltr\"><a href=\"https:\/\/twitter.com\/hashtag\/DelPartidoPLD?src=hash&amp;ref_src=twsrc%5Etfw\">#DelPartidoPLD<\/a> | <a href=\"https:\/\/twitter.com\/JohnnyPujols?ref_src=twsrc%5Etfw\">@JohnnyPujols<\/a>, critica el desempe\u00f1o del actual gobierno. Los \u00faltimos a\u00f1os han sido de grandes dificultades para los dominicanos, afirma. <a href=\"https:\/\/t.co\/5i87yi6WGf\">pic.twitter.com\/5i87yi6WGf<\/a><\/p>\n<p>&mdash; PLD (@PLDenlinea) <a href=\"https:\/\/twitter.com\/PLDenlinea\/status\/1997752016903250382?ref_src=twsrc%5Etfw\">December 7, 2025<\/a><\/p><\/blockquote>\n<p> <script async src=\"https:\/\/platform.twitter.com\/widgets.js\" charset=\"utf-8\"><\/script><\/p>\n","protected":false},"excerpt":{"rendered":"<p>Johnny Pujols, critica el desempe\u00f1o del actual gobierno. Los \u00faltimos a\u00f1os han sido de grandes dificultades para los dominicanos, afirma. El secretario general del Partido de la Liberaci\u00f3n Dominicana (PLD \u201cLa gente la est\u00e1 pasando muy mal, la comida est\u00e1 m\u00e1s cara que nunca y el sector agropecuario ha sido golpeado fuertemente. Por eso debemos [&hellip;]<\/p>\n","protected":false},"author":1,"featured_media":84536,"comment_status":"open","ping_status":"open","sticky":false,"template":"","format":"standard","meta":{"tdm_status":"","tdm_grid_status":"","footnotes":""},"categories":[9],"tags":[],"_links":{"self":[{"href":"https:\/\/pldaldia.com\/portada\/wp-json\/wp\/v2\/posts\/84535"}],"collection":[{"href":"https:\/\/pldaldia.com\/portada\/wp-json\/wp\/v2\/posts"}],"about":[{"href":"https:\/\/pldaldia.com\/portada\/wp-json\/wp\/v2\/types\/post"}],"author":[{"embeddable":true,"href":"https:\/\/pldaldia.com\/portada\/wp-json\/wp\/v2\/users\/1"}],"replies":[{"embeddable":true,"href":"https:\/\/pldaldia.com\/portada\/wp-json\/wp\/v2\/comments?post=84535"}],"version-history":[{"count":1,"href":"https:\/\/pldaldia.com\/portada\/wp-json\/wp\/v2\/posts\/84535\/revisions"}],"predecessor-version":[{"id":84537,"href":"https:\/\/pldaldia.com\/portada\/wp-json\/wp\/v2\/posts\/84535\/revisions\/84537"}],"wp:featuredmedia":[{"embeddable":true,"href":"https:\/\/pldaldia.com\/portada\/wp-json\/wp\/v2\/media\/84536"}],"wp:attachment":[{"href":"https:\/\/pldaldia.com\/portada\/wp-json\/wp\/v2\/media?parent=84535"}],"wp:term":[{"taxonomy":"category","embeddable":true,"href":"https:\/\/pldaldia.com\/portada\/wp-json\/wp\/v2\/categories?post=84535"},{"taxonomy":"post_tag","embeddable":true,"href":"https:\/\/pldaldia.com\/portada\/wp-json\/wp\/v2\/tags?post=84535"}],"curies":[{"name":"wp","href":"https:\/\/api.w.org\/{rel}","templated":true}]}}