{"id":84540,"date":"2025-12-07T23:11:03","date_gmt":"2025-12-08T03:11:03","guid":{"rendered":"https:\/\/pldaldia.com\/portada\/?p=84540"},"modified":"2025-12-07T23:11:03","modified_gmt":"2025-12-08T03:11:03","slug":"dia-de-la-inmaculada-concepcion-3","status":"publish","type":"post","link":"https:\/\/pldaldia.com\/portada\/dia-de-la-inmaculada-concepcion-3\/","title":{"rendered":"D\u00eda de la Inmaculada Concepci\u00f3n"},"content":{"rendered":"<p>El D\u00eda de La Inmaculada Concepci\u00f3n de la Sant\u00edsima Virgen Mar\u00eda, conocida tambi\u00e9n como la Pur\u00edsima Concepci\u00f3n, es una festividad cristiana que se celebra el d\u00eda 8 de diciembre.<\/p>\n","protected":false},"excerpt":{"rendered":"<p>El D\u00eda de La Inmaculada Concepci\u00f3n de la Sant\u00edsima Virgen Mar\u00eda, conocida tambi\u00e9n como la Pur\u00edsima Concepci\u00f3n, es una festividad cristiana que se celebra el d\u00eda 8 de diciembre.<\/p>\n","protected":false},"author":1,"featured_media":84541,"comment_status":"open","ping_status":"open","sticky":false,"template":"","format":"standard","meta":{"tdm_status":"","tdm_grid_status":"","footnotes":""},"categories":[57],"tags":[],"_links":{"self":[{"href":"https:\/\/pldaldia.com\/portada\/wp-json\/wp\/v2\/posts\/84540"}],"collection":[{"href":"https:\/\/pldaldia.com\/portada\/wp-json\/wp\/v2\/posts"}],"about":[{"href":"https:\/\/pldaldia.com\/portada\/wp-json\/wp\/v2\/types\/post"}],"author":[{"embeddable":true,"href":"https:\/\/pldaldia.com\/portada\/wp-json\/wp\/v2\/users\/1"}],"replies":[{"embeddable":true,"href":"https:\/\/pldaldia.com\/portada\/wp-json\/wp\/v2\/comments?post=84540"}],"version-history":[{"count":2,"href":"https:\/\/pldaldia.com\/portada\/wp-json\/wp\/v2\/posts\/84540\/revisions"}],"predecessor-version":[{"id":84550,"href":"https:\/\/pldaldia.com\/portada\/wp-json\/wp\/v2\/posts\/84540\/revisions\/84550"}],"wp:featuredmedia":[{"embeddable":true,"href":"https:\/\/pldaldia.com\/portada\/wp-json\/wp\/v2\/media\/84541"}],"wp:attachment":[{"href":"https:\/\/pldaldia.com\/portada\/wp-json\/wp\/v2\/media?parent=84540"}],"wp:term":[{"taxonomy":"category","embeddable":true,"href":"https:\/\/pldaldia.com\/portada\/wp-json\/wp\/v2\/categories?post=84540"},{"taxonomy":"post_tag","embeddable":true,"href":"https:\/\/pldaldia.com\/portada\/wp-json\/wp\/v2\/tags?post=84540"}],"curies":[{"name":"wp","href":"https:\/\/api.w.org\/{rel}","templated":true}]}}