{"id":84546,"date":"2025-12-08T11:51:32","date_gmt":"2025-12-08T15:51:32","guid":{"rendered":"https:\/\/pldaldia.com\/portada\/?p=84546"},"modified":"2025-12-08T11:54:26","modified_gmt":"2025-12-08T15:54:26","slug":"justicia-selectiva-con-accionar-claramente-politico","status":"publish","type":"post","link":"https:\/\/pldaldia.com\/portada\/justicia-selectiva-con-accionar-claramente-politico\/","title":{"rendered":"Justicia selectiva con accionar claramente pol\u00edtico | Video"},"content":{"rendered":"<p>PLD: \u201cActuaci\u00f3n diferenciada del Ministerio P\u00fablico evidencia una justicia selectiva y pol\u00edticamente orientada\u201d<\/p>\n<p>El Partido de la Liberaci\u00f3n Dominicana denunci\u00f3 que el Ministerio P\u00fablico est\u00e1 actuando con diferenciaci\u00f3n pol\u00edtica, aplicando un trato suave al PRM y un trato cruel y humillante a cualquier otro ciudadano bajo investigaci\u00f3n, manipulando la justicia para mantener la hegemon\u00eda del partido de gobierno.<\/p>\n<p><a href=\"http:\/\/vanguardiadelpueblo.do\/wp-content\/uploads\/2025\/12\/f808847b-3356-4d3e-8f7b-39474e8f8cbf.jpg\"><img decoding=\"async\" loading=\"lazy\" class=\"size-medium wp-image-232094 alignleft\" src=\"http:\/\/vanguardiadelpueblo.do\/wp-content\/uploads\/2025\/12\/f808847b-3356-4d3e-8f7b-39474e8f8cbf-440x320.jpg\" alt=\"\" width=\"440\" height=\"320\" \/><\/a>La organizaci\u00f3n pol\u00edtica critic\u00f3 que el Ministerio P\u00fablico act\u00faa de una manera cuando los imputados est\u00e1n vinculados al Partido Revolucionario Moderno (PRM), y de una manera radicalmente distinta cuando se trata de dirigentes, ex funcionarios o relacionados del Partido de la Liberaci\u00f3n Dominicana (PLD).<\/p>\n<p>El PLD fijo su posici\u00f3n a prop\u00f3sito del fraude a la ARS SeNaSa, a trav\u00e9s de su vicepresidente Yv\u00e1n Lorenzo, en la rueda de prensa de este lunes en la Casa Nacional Reinaldo Pared P\u00e9rez en la que le acompa\u00f1\u00f3 el tambi\u00e9n vicepresidente, Tem\u00edstocles Mont\u00e1s y el secretario de Asuntos Jur\u00eddicos, miembro del Comit\u00e9 Pol\u00edtico, Jos\u00e9 Dant\u00e9s D\u00edaz.<\/p>\n<p>Lorenzo observ\u00f3 que tenemos una justicia absolutamente dependiente del poder pol\u00edtico, operando como instrumento partidario para proteger al PRM, evitar da\u00f1ar su imagen -protegi\u00e9ndolo de amenazas externas como las solicitudes de extradici\u00f3n que se procesan en silencio- \u201cy perseguir con dureza a quienes representan un riesgo pol\u00edtico o electoral para el partido de gobierno\u201d.<\/p>\n<p>Lorenzo expuso que cuando se trata del PRM se trata con suavidad, discreci\u00f3n y garant\u00edas plenas, sin allanamientos televisados, no hay operativos de madrugada con informaci\u00f3n disponible para la prensa ni c\u00e1maras convocadas por el propio Ministerio P\u00fablico, no se utilizan medidas humillantes ni actuaciones degradantes y los expedientes se manejan con hermetismo absoluto: 0 filtraciones, 0 esc\u00e1ndalos medi\u00e1ticos, 0 juicios anticipados, entre otros.<\/p>\n<p><a href=\"http:\/\/vanguardiadelpueblo.do\/wp-content\/uploads\/2025\/12\/aadb1db5-c36f-4b58-afc3-e59a33bb44d9.jpg\"><img decoding=\"async\" loading=\"lazy\" class=\"alignright size-medium wp-image-232093\" src=\"http:\/\/vanguardiadelpueblo.do\/wp-content\/uploads\/2025\/12\/aadb1db5-c36f-4b58-afc3-e59a33bb44d9-480x245.jpg\" alt=\"\" width=\"480\" height=\"245\" \/><\/a>En cambio, -compar\u00f3- si se trata del PLD o de cualquier ciudadano com\u00fan aparece la otra cara del Ministerio P\u00fablico, espect\u00e1culo, humillaci\u00f3n y condena medi\u00e1tica previa, allanamientos a las 3 y 4 de la ma\u00f1ana, con c\u00e1maras previamente convocadas, personas sacadas sin ropa, frente a sus familias y vecinos, uso excesivo de cascos, chalecos, armas largas y despliegue teatral, filtraciones masivas: 20 mil, 30 mil, hasta 50 mil p\u00e1ginas divulgadas antes de llegar a los abogados y solicitudes de coerci\u00f3n desproporcionadas, entre otras.<\/p>\n<p>Afirm\u00f3 al exponer el documento entregado a los medios de comunicaci\u00f3n, que el comportamiento no es t\u00e9cnico ni es jur\u00eddico, sino pol\u00edtico: \u201cEstamos ante un Ministerio P\u00fablico dependiente y subordinado funcionalmente al inter\u00e9s pol\u00edtico del Gobierno. Un caso t\u00edpico de Lawfare: el uso del sistema penal con fines pol\u00edticos\u201d.<\/p>\n<p>Concluy\u00f3 apuntando que lo denunciado expone una justicia selectiva, cuyo criterio de actuaci\u00f3n no es jur\u00eddico, sino Claramente Pol\u00edtico.<\/p>\n<p>&nbsp;<\/p>\n<p>Ampliar Aqui: <a href=\"http:\/\/vanguardiadelpueblo.do\/wp-content\/uploads\/2025\/12\/Doc.-RdPDir.-PLD-08-12-2025-pdf.io_.pdf\">Doc. RdPDir. PLD, 08-12-2025<\/a><\/p>\n<blockquote class=\"twitter-tweet\">\n<p dir=\"ltr\" lang=\"es\"><a href=\"https:\/\/twitter.com\/hashtag\/DelPartidoPLD?src=hash&amp;ref_src=twsrc%5Etfw\">#DelPartidoPLD<\/a> | <a href=\"https:\/\/twitter.com\/hashtag\/PLD?src=hash&amp;ref_src=twsrc%5Etfw\">#PLD<\/a>: \u201cActuaci\u00f3n diferenciada del Ministerio P\u00fablico evidencia una justicia selectiva y pol\u00edticamente orientada\u201d <a href=\"https:\/\/t.co\/aJlJksQo1N\">pic.twitter.com\/aJlJksQo1N<\/a><\/p>\n<p>\u2014 PLD (@PLDenlinea) <a href=\"https:\/\/twitter.com\/PLDenlinea\/status\/1998056128777687305?ref_src=twsrc%5Etfw\">December 8, 2025<\/a><\/p><\/blockquote>\n<p><script async src=\"https:\/\/platform.twitter.com\/widgets.js\" charset=\"utf-8\"><\/script><\/p>\n","protected":false},"excerpt":{"rendered":"<p>PLD: \u201cActuaci\u00f3n diferenciada del Ministerio P\u00fablico evidencia una justicia selectiva y pol\u00edticamente orientada\u201d El Partido de la Liberaci\u00f3n Dominicana denunci\u00f3 que el Ministerio P\u00fablico est\u00e1 actuando con diferenciaci\u00f3n pol\u00edtica, aplicando un trato suave al PRM y un trato cruel y humillante a cualquier otro ciudadano bajo investigaci\u00f3n, manipulando la justicia para mantener la hegemon\u00eda del [&hellip;]<\/p>\n","protected":false},"author":1,"featured_media":84547,"comment_status":"open","ping_status":"open","sticky":false,"template":"","format":"standard","meta":{"tdm_status":"","tdm_grid_status":"","footnotes":""},"categories":[9],"tags":[],"_links":{"self":[{"href":"https:\/\/pldaldia.com\/portada\/wp-json\/wp\/v2\/posts\/84546"}],"collection":[{"href":"https:\/\/pldaldia.com\/portada\/wp-json\/wp\/v2\/posts"}],"about":[{"href":"https:\/\/pldaldia.com\/portada\/wp-json\/wp\/v2\/types\/post"}],"author":[{"embeddable":true,"href":"https:\/\/pldaldia.com\/portada\/wp-json\/wp\/v2\/users\/1"}],"replies":[{"embeddable":true,"href":"https:\/\/pldaldia.com\/portada\/wp-json\/wp\/v2\/comments?post=84546"}],"version-history":[{"count":2,"href":"https:\/\/pldaldia.com\/portada\/wp-json\/wp\/v2\/posts\/84546\/revisions"}],"predecessor-version":[{"id":84549,"href":"https:\/\/pldaldia.com\/portada\/wp-json\/wp\/v2\/posts\/84546\/revisions\/84549"}],"wp:featuredmedia":[{"embeddable":true,"href":"https:\/\/pldaldia.com\/portada\/wp-json\/wp\/v2\/media\/84547"}],"wp:attachment":[{"href":"https:\/\/pldaldia.com\/portada\/wp-json\/wp\/v2\/media?parent=84546"}],"wp:term":[{"taxonomy":"category","embeddable":true,"href":"https:\/\/pldaldia.com\/portada\/wp-json\/wp\/v2\/categories?post=84546"},{"taxonomy":"post_tag","embeddable":true,"href":"https:\/\/pldaldia.com\/portada\/wp-json\/wp\/v2\/tags?post=84546"}],"curies":[{"name":"wp","href":"https:\/\/api.w.org\/{rel}","templated":true}]}}