{"id":84554,"date":"2025-12-09T00:36:32","date_gmt":"2025-12-09T04:36:32","guid":{"rendered":"https:\/\/pldaldia.com\/portada\/?p=84554"},"modified":"2025-12-09T00:36:32","modified_gmt":"2025-12-09T04:36:32","slug":"caso-stephora-desnuda-lacra-institucional","status":"publish","type":"post","link":"https:\/\/pldaldia.com\/portada\/caso-stephora-desnuda-lacra-institucional\/","title":{"rendered":"Caso Stephora desnuda lacra institucional"},"content":{"rendered":"<p>Por: Luis Garc\u00eda | La muerte a\u00fan sin esclarecer de la estudiante de nacionalidad haitiana Stephora Anne-Mircie Joseph, de 11 a\u00f1os, ocurrida el 14 del mes pasado en Santiago, durante una excursi\u00f3n organizada por el Instituto Educativo Integral Leonardo da Vinci, vuelve a desnudar la institucionalidad en el pa\u00eds.<\/p>\n<p>El silencio c\u00f3mplice del Ministerio P\u00fablico, la Polic\u00eda Nacional, ap\u00e9ndice del Ministerio de Interior y Polic\u00eda; del Instituto Nacional de Ciencias Forenses y del propio centro educativo llenan de verg\u00fcenza a la sociedad dominicana frente a un sensible suceso que ha traspasado las fronteras nacionales.<\/p>\n<p>Hasta el Consejo Presidencial de Transici\u00f3n de Hait\u00ed (CPT), ha instado a las autoridades criollas a investigar rigurosamente y concluir el proceso sobre la muerte de la ni\u00f1a.<\/p>\n<p>Ante las presiones medi\u00e1ticas e institucionales, no fue hasta la noche del pasado s\u00e1bado cuando el Ministerio P\u00fablico inform\u00f3 del arresto de cuatro miembros del Instituto Leonardo da Vinci, vinculados a lo que cataloga como \u201chomicidio involuntario\u201d.<\/p>\n<p>Las arrestadas son Yris del Carmen Reyes Adames, directora administrativa del Leonardo da Vinci; Gisela Gonz\u00e1lez, coordinadora general y asesora del equipo directivo; Francisca Josefina Tav\u00e1rez V\u00e9lez, orientadora, y Vilma Altagracia Vargas Morel, coordinadora del nivel secundario.<\/p>\n<p>A juzgar por las primeras informaciones del Ministerio P\u00fablico, el camino conduce a que se producir\u00e1 el ocultamiento de los verdaderos responsables y que se buscar\u00e1n \u201cchivos expiatorios\u201d, evidenciado que el pa\u00eds constituye un verdadero caos institucional.<\/p>\n<p>A trav\u00e9s de una nota de prensa, las autoridades informaron que \u201cel Ministerio P\u00fablico tiene evidencias de que movilizaron a 87 ni\u00f1os s\u00f3lo con tres cuidadoras, sin tener en cuenta las medidas de seguridad y la profundidad de las piscinas del lugar, sin haber llevado salvavidas, ni preguntado a los padres o tutores si los ni\u00f1os sab\u00edan o no nadar, adem\u00e1s de que tampoco requirieron chalecos salvavidas\u201d. Y agrega que establecieron que \u201chubo negligencia extrema con respecto a las cuidadoras que ten\u00edan la obligaci\u00f3n de Stephora, as\u00ed como de las personas que intervinieron en la organizaci\u00f3n del paseo\u201d.<\/p>\n<p>Esta situaci\u00f3n ocurre a pesar de que el caso est\u00e1 bajo la investigaci\u00f3n directa del procurador adjunto Wilson Camacho y la procuradora de corte Olga Din\u00e1 Llaver\u00edas, responsables de la Direcci\u00f3n General de Persecuci\u00f3n del Ministerio P\u00fablico y de la Direcci\u00f3n Nacional de Ni\u00f1os, Ni\u00f1as, Adolescentes y Familia, funcionarios del m\u00e1s alto nivel de la Procuradur\u00eda General de la Rep\u00fablica; entidad que ha solicitado al Ministerio de Educaci\u00f3n la realizaci\u00f3n de una inspecci\u00f3n conjunta del referido centro educativo, con el objetivo de identificar cualquier pr\u00e1ctica que atente contra el inter\u00e9s superior de los menores de edad.<\/p>\n<p>Otra cuesti\u00f3n que confirma la debilidad institucional radica que es ahora cuando la Procuradur\u00eda General de la Rep\u00fablica y el Ministerio de Educaci\u00f3n informan sobre el establecimiento de una mesa de trabajo \u201cpermanente\u201d para garantizar la tutela efectiva de los derechos de los ni\u00f1os, ni\u00f1as y adolescentes en el sistema educativo.<\/p>\n<p>El prop\u00f3sito consiste en enfocarse en la prevenci\u00f3n y respuesta oportuna, a fin de garantizar la acci\u00f3n inmediata de las autoridades ante violencia en el espacio escolar y sus entornos, bullying, entre otros. Justamente, los trabajos se iniciar\u00e1n por la provincia de Santiago, en donde los indicadores establecen que se requiere una atenci\u00f3n especial.<\/p>\n<p>La cuesti\u00f3n de la debilidad institucional no es nueva en el pa\u00eds, al punto que en la Estrategia Nacional de Desarrollo 2030 se configur\u00f3 como un gran obst\u00e1culo estructural para alcanzar las metas de una sociedad pr\u00f3spera y justa.<\/p>\n<p>El caso Stephora lo que viene es a desnudar nuevamente una vieja lacra social.<\/p>\n","protected":false},"excerpt":{"rendered":"<p>Por: Luis Garc\u00eda | La muerte a\u00fan sin esclarecer de la estudiante de nacionalidad haitiana Stephora Anne-Mircie Joseph, de 11 a\u00f1os, ocurrida el 14 del mes pasado en Santiago, durante una excursi\u00f3n organizada por el Instituto Educativo Integral Leonardo da Vinci, vuelve a desnudar la institucionalidad en el pa\u00eds. El silencio c\u00f3mplice del Ministerio P\u00fablico, [&hellip;]<\/p>\n","protected":false},"author":1,"featured_media":60258,"comment_status":"open","ping_status":"open","sticky":false,"template":"","format":"standard","meta":{"tdm_status":"","tdm_grid_status":"","footnotes":""},"categories":[53],"tags":[],"_links":{"self":[{"href":"https:\/\/pldaldia.com\/portada\/wp-json\/wp\/v2\/posts\/84554"}],"collection":[{"href":"https:\/\/pldaldia.com\/portada\/wp-json\/wp\/v2\/posts"}],"about":[{"href":"https:\/\/pldaldia.com\/portada\/wp-json\/wp\/v2\/types\/post"}],"author":[{"embeddable":true,"href":"https:\/\/pldaldia.com\/portada\/wp-json\/wp\/v2\/users\/1"}],"replies":[{"embeddable":true,"href":"https:\/\/pldaldia.com\/portada\/wp-json\/wp\/v2\/comments?post=84554"}],"version-history":[{"count":1,"href":"https:\/\/pldaldia.com\/portada\/wp-json\/wp\/v2\/posts\/84554\/revisions"}],"predecessor-version":[{"id":84555,"href":"https:\/\/pldaldia.com\/portada\/wp-json\/wp\/v2\/posts\/84554\/revisions\/84555"}],"wp:featuredmedia":[{"embeddable":true,"href":"https:\/\/pldaldia.com\/portada\/wp-json\/wp\/v2\/media\/60258"}],"wp:attachment":[{"href":"https:\/\/pldaldia.com\/portada\/wp-json\/wp\/v2\/media?parent=84554"}],"wp:term":[{"taxonomy":"category","embeddable":true,"href":"https:\/\/pldaldia.com\/portada\/wp-json\/wp\/v2\/categories?post=84554"},{"taxonomy":"post_tag","embeddable":true,"href":"https:\/\/pldaldia.com\/portada\/wp-json\/wp\/v2\/tags?post=84554"}],"curies":[{"name":"wp","href":"https:\/\/api.w.org\/{rel}","templated":true}]}}