{"id":84561,"date":"2025-12-09T10:43:00","date_gmt":"2025-12-09T14:43:00","guid":{"rendered":"https:\/\/pldaldia.com\/portada\/?p=84561"},"modified":"2025-12-09T10:43:00","modified_gmt":"2025-12-09T14:43:00","slug":"armas","status":"publish","type":"post","link":"https:\/\/pldaldia.com\/portada\/armas\/","title":{"rendered":"Armas"},"content":{"rendered":"<p>Por: Sergio Sarita Valdez | En la primera mitad de la d\u00e9cada de los noventa del reci\u00e9n pasado siglo, siendo miembro del Comit\u00e9 Central del Partido de la Liberaci\u00f3n Dominicana, fui escogido para coordinar, en calidad de enlace nacional, la parte norte del pa\u00eds de un movimiento ap\u00e9ndice del Partido, llamado Cambio 94.<\/p>\n<p>Se trataba de agrupar a personas que no calificaban para la membres\u00eda partidaria debido a los rigurosos requisitos que hab\u00eda que cumplir antes de que una persona fuera enrolada como miembro del PLD.<\/p>\n<p>Recuerdo que, en Guayub\u00edn, municipio de Montecristi, la estructura partidaria era num\u00e9ricamente muy limitada, por lo que se requer\u00eda un enorme esfuerzo para conformar los equipos humanos m\u00ednimos para los fines electorales de 1994. Se contact\u00f3 a un se\u00f1or de prestigio en la zona para que representara el movimiento. A media ma\u00f1ana de un s\u00e1bado nos reunimos, y me llam\u00f3 poderosamente la atenci\u00f3n la franqueza con que el individuo puso, desde el inicio, sus condiciones. Dijo que requer\u00eda de un compromiso por parte nuestra: que, si el Partido ganaba las elecciones, se le entregara una pistola calibre 45.<\/p>\n<p>Concluida la actividad, convers\u00e9 privadamente con la persona y le pregunt\u00e9 por qu\u00e9 no hab\u00eda pedido un cargo pol\u00edtico en vez del arma de fuego. Su respuesta fue r\u00e1pida y tajante: \u201cEn esta regi\u00f3n se respetan los gallos por sus espuelas\u201d.<\/p>\n<p>M\u00e1s de un cuarto de siglo despu\u00e9s, me viene a la memoria aquella an\u00e9cdota cada vez que leo la cantidad y calidad de equipos b\u00e9licos que se fabrican y venden en el mundo. Entristece saber que la industria de las armas es el sector de la econom\u00eda m\u00e1s potente y exitoso en el mundo desarrollado. La carrera armamentista es tan poderosa que muchas naciones se ven forzadas a incrementar los aportes para agrandar las reservas en equipos de guerra con capacidad de destrucci\u00f3n masiva.<\/p>\n<p>Esto contrasta con los fondos que se dedican para prevenir y tratar enfermedades en el mundo. Igualmente, se recortan los recursos financieros que demanda la humanidad para la investigaci\u00f3n del c\u00e1ncer, las pandemias, infecciones h\u00eddricas y trastornos nutricionales.<\/p>\n<p>Al vecino pa\u00eds de Hait\u00ed se le provee de modernos drones para combatir las poderosas bandas que controlan parte de su capital y otros territorios. Mientras tanto, son escasas las escuelas, hospitales, alimentos, techos, agua potable y un largo etc\u00e9tera de necesidades b\u00e1sicas.<\/p>\n<p>Las amenazas de guerra, m\u00e1s que alejarse de la faz de la tierra, representan un constante peligro que obliga a buscar pertrechos militares que aseguren una relativa paz temporal. Las tensiones b\u00e9licas en nada ayudan a la paz y al bienestar de los pueblos.<\/p>\n<p>Las dos grandes conflagraciones mundiales del pasado siglo, las guerras de Corea, Vietnam, Medio Oriente, as\u00ed como las actuales en Gaza, Ucrania, \u00c1frica y las tensiones en el Caribe, parecen indicarnos que la violencia debe ser el curso natural de la humanidad.<\/p>\n<p>Nos negamos a aceptar tan equ\u00edvoco curso de la historia. \u00a1Armas para la vida, s\u00ed; material b\u00e9lico genocida, \u00a1nunca! Esa debe ser la consigna desde hoy y para siempre.<\/p>\n","protected":false},"excerpt":{"rendered":"<p>Por: Sergio Sarita Valdez | En la primera mitad de la d\u00e9cada de los noventa del reci\u00e9n pasado siglo, siendo miembro del Comit\u00e9 Central del Partido de la Liberaci\u00f3n Dominicana, fui escogido para coordinar, en calidad de enlace nacional, la parte norte del pa\u00eds de un movimiento ap\u00e9ndice del Partido, llamado Cambio 94. Se trataba [&hellip;]<\/p>\n","protected":false},"author":1,"featured_media":46957,"comment_status":"open","ping_status":"open","sticky":false,"template":"","format":"standard","meta":{"tdm_status":"","tdm_grid_status":"","footnotes":""},"categories":[53],"tags":[],"_links":{"self":[{"href":"https:\/\/pldaldia.com\/portada\/wp-json\/wp\/v2\/posts\/84561"}],"collection":[{"href":"https:\/\/pldaldia.com\/portada\/wp-json\/wp\/v2\/posts"}],"about":[{"href":"https:\/\/pldaldia.com\/portada\/wp-json\/wp\/v2\/types\/post"}],"author":[{"embeddable":true,"href":"https:\/\/pldaldia.com\/portada\/wp-json\/wp\/v2\/users\/1"}],"replies":[{"embeddable":true,"href":"https:\/\/pldaldia.com\/portada\/wp-json\/wp\/v2\/comments?post=84561"}],"version-history":[{"count":1,"href":"https:\/\/pldaldia.com\/portada\/wp-json\/wp\/v2\/posts\/84561\/revisions"}],"predecessor-version":[{"id":84562,"href":"https:\/\/pldaldia.com\/portada\/wp-json\/wp\/v2\/posts\/84561\/revisions\/84562"}],"wp:featuredmedia":[{"embeddable":true,"href":"https:\/\/pldaldia.com\/portada\/wp-json\/wp\/v2\/media\/46957"}],"wp:attachment":[{"href":"https:\/\/pldaldia.com\/portada\/wp-json\/wp\/v2\/media?parent=84561"}],"wp:term":[{"taxonomy":"category","embeddable":true,"href":"https:\/\/pldaldia.com\/portada\/wp-json\/wp\/v2\/categories?post=84561"},{"taxonomy":"post_tag","embeddable":true,"href":"https:\/\/pldaldia.com\/portada\/wp-json\/wp\/v2\/tags?post=84561"}],"curies":[{"name":"wp","href":"https:\/\/api.w.org\/{rel}","templated":true}]}}