{"id":84563,"date":"2025-12-09T10:46:54","date_gmt":"2025-12-09T14:46:54","guid":{"rendered":"https:\/\/pldaldia.com\/portada\/?p=84563"},"modified":"2025-12-09T10:46:54","modified_gmt":"2025-12-09T14:46:54","slug":"el-camino-por-el-que-marcha-el-pld","status":"publish","type":"post","link":"https:\/\/pldaldia.com\/portada\/el-camino-por-el-que-marcha-el-pld\/","title":{"rendered":"El camino por el que marcha el PLD"},"content":{"rendered":"<p>Por: Ram\u00f3n Tejeda Read | En su momento, el Partido de la Liberaci\u00f3n Dominicana har\u00e1 la correspondiente evaluaci\u00f3n de su trabajo durante este 2025, pero ello no impide que echemos una r\u00e1pida mirada a lo que ha sido este a\u00f1o para el PLD.<\/p>\n<p>Porque no es cualquier cosa movilizarse por casi todas las provincias del pa\u00eds convocando a millares de personas en cada lugar, juramentando centenares de j\u00f3venes en cada actividad y dando a conocer su L\u00ednea Organizativa y Electoral, as\u00ed como su programa de educaci\u00f3n.<\/p>\n<p>Paralelo con lo anterior, cada semana, cada lunes, las diferentes secretar\u00edas de su Comit\u00e9 Central han reunido a la prensa para contarle sus evaluaciones cr\u00edticas sobre las pol\u00edticas p\u00fablicas ejecutadas por el gobierno Abinader-PRM, y explicar c\u00f3mo enfrentar los graves problemas que afectan al pa\u00eds.<\/p>\n<p>Junto con esa febril actividad ha estado ejecutando la validaci\u00f3n de sus estructuras a nivel nacional y llevando a cabo procesos de elecci\u00f3n de sus secretar\u00edas, direcciones municipales, sectoriales, etc\u00e9tera.<\/p>\n<p>La nueva Secretar\u00eda General surgida de su m\u00e1s reciente Congreso tiene mucha responsabilidad en ese proceso. De la mano siempre con el Presidente Danilo Medina y el Comit\u00e9 Pol\u00edtico, ha sabido unir la inteligencia y frescor de lo nuevo con la insustituible experiencia de los fundadores para insuflar al PLD aires de renovaci\u00f3n, trabajo met\u00f3dico, evaluaci\u00f3n y compromiso.<\/p>\n<p>El resultado del a\u00f1o de trabajo que termina deja bien claro que\u2014como ense\u00f1\u00f3 Juan Bosch\u2014un  partido que se respete a s\u00ed mismo y respete a su pueblo no es ni debe ser nunca una simple maquinaria electoral para  debatir aspiraciones personales, sino una escuela de formaci\u00f3n de l\u00edderes y servidores atentos siempre a los problemas de la gente y dispuestos a aportar en sus soluciones.<\/p>\n<p>Por ese camino marcha el PLD y va con buen pie.<\/p>\n","protected":false},"excerpt":{"rendered":"<p>Por: Ram\u00f3n Tejeda Read | En su momento, el Partido de la Liberaci\u00f3n Dominicana har\u00e1 la correspondiente evaluaci\u00f3n de su trabajo durante este 2025, pero ello no impide que echemos una r\u00e1pida mirada a lo que ha sido este a\u00f1o para el PLD. Porque no es cualquier cosa movilizarse por casi todas las provincias del [&hellip;]<\/p>\n","protected":false},"author":1,"featured_media":47161,"comment_status":"open","ping_status":"open","sticky":false,"template":"","format":"standard","meta":{"tdm_status":"","tdm_grid_status":"","footnotes":""},"categories":[53],"tags":[],"_links":{"self":[{"href":"https:\/\/pldaldia.com\/portada\/wp-json\/wp\/v2\/posts\/84563"}],"collection":[{"href":"https:\/\/pldaldia.com\/portada\/wp-json\/wp\/v2\/posts"}],"about":[{"href":"https:\/\/pldaldia.com\/portada\/wp-json\/wp\/v2\/types\/post"}],"author":[{"embeddable":true,"href":"https:\/\/pldaldia.com\/portada\/wp-json\/wp\/v2\/users\/1"}],"replies":[{"embeddable":true,"href":"https:\/\/pldaldia.com\/portada\/wp-json\/wp\/v2\/comments?post=84563"}],"version-history":[{"count":1,"href":"https:\/\/pldaldia.com\/portada\/wp-json\/wp\/v2\/posts\/84563\/revisions"}],"predecessor-version":[{"id":84564,"href":"https:\/\/pldaldia.com\/portada\/wp-json\/wp\/v2\/posts\/84563\/revisions\/84564"}],"wp:featuredmedia":[{"embeddable":true,"href":"https:\/\/pldaldia.com\/portada\/wp-json\/wp\/v2\/media\/47161"}],"wp:attachment":[{"href":"https:\/\/pldaldia.com\/portada\/wp-json\/wp\/v2\/media?parent=84563"}],"wp:term":[{"taxonomy":"category","embeddable":true,"href":"https:\/\/pldaldia.com\/portada\/wp-json\/wp\/v2\/categories?post=84563"},{"taxonomy":"post_tag","embeddable":true,"href":"https:\/\/pldaldia.com\/portada\/wp-json\/wp\/v2\/tags?post=84563"}],"curies":[{"name":"wp","href":"https:\/\/api.w.org\/{rel}","templated":true}]}}