{"id":84567,"date":"2025-12-09T17:03:08","date_gmt":"2025-12-09T21:03:08","guid":{"rendered":"https:\/\/pldaldia.com\/portada\/?p=84567"},"modified":"2025-12-09T17:03:08","modified_gmt":"2025-12-09T21:03:08","slug":"el-congreso-dominicano-entre-deberes-pendientes-y-una-nueva-vision-de-representacion","status":"publish","type":"post","link":"https:\/\/pldaldia.com\/portada\/el-congreso-dominicano-entre-deberes-pendientes-y-una-nueva-vision-de-representacion\/","title":{"rendered":"El Congreso Dominicano: Entre Deberes Pendientes y una Nueva Visi\u00f3n de Representaci\u00f3n."},"content":{"rendered":"<p>Por: Asiaraf Serulle | \u201cEl respeto nos gu\u00eda, el trabajo en equipo nos impulsa, el liderazgo nos define.\u201d<\/p>\n<p>Hemos venido publicando art\u00edculos con la intenci\u00f3n de motivar a la juventud y a todos los ciudadanos a integrarse en la pol\u00edtica y a trabajar de la mano para impulsar cambios significativos que impacten la vida de nuestra naci\u00f3n. Juntos podemos aprender que la pol\u00edtica es una ciencia, que requiere comprender el rol de cada poder del Estado, y que el verdadero pol\u00edtico es un servidor p\u00fablico cuyo objetivo fundamental es colaborar con el bienestar de cada ciudadano: trabajar para el pueblo, por el pueblo y con el pueblo.<\/p>\n<p>Por eso, hoy queremos hablar sobre el Congreso de la Rep\u00fablica Dominicana: qu\u00e9 es, cu\u00e1les son sus funciones y obligaciones, y por qu\u00e9 su papel es clave para garantizar una representaci\u00f3n aut\u00e9ntica y efectiva que impacte la vida de todos los ciudadanos.<\/p>\n<p>El Congreso Nacional es el poder legislativo de la Rep\u00fablica Dominicana, integrado por el Senado y la C\u00e1mara de Diputados. Es la instituci\u00f3n encargada de crear leyes, fiscalizar al Estado y representar los intereses de la ciudadan\u00eda.<br \/>\nEl Congreso cumple tres roles fundamentales, seg\u00fan lo establece la Constituci\u00f3n de la Rep\u00fablica Dominicana (Art\u00edculos 93 al 98):<\/p>\n<p>Legislar: Crear, modificar o derogar leyes que respondan a las necesidades reales del pa\u00eds, incluyendo movilidad, seguridad social, transparencia, competitividad, tecnolog\u00eda y empleo juvenil.<\/p>\n<p>Representar: Ser la voz de la provincia y de la naci\u00f3n, escuchar, visitar comunidades, rendir cuentas y defender los intereses locales y nacionales sin protagonismos, pero con firmeza.<\/p>\n<p>Fiscalizar: Supervisar c\u00f3mo se ejecutan los contratos y presupuestos, investigar irregularidades y velar por un uso correcto de cada peso del contribuyente.<\/p>\n<p>El Senado, es la c\u00e1mara alta del Congreso Nacional, compuesta por un senador por cada provincia y el Distrito Nacional. Su funci\u00f3n principal es representar territorialmente al pa\u00eds, legislar y revisar con mayor rigor las leyes que impactan a la naci\u00f3n. Adem\u00e1s de representar territorialmente a las provincias, tiene responsabilidades exclusivas como la designaci\u00f3n de altas autoridades, la revisi\u00f3n de contratos y tratados internacionales y la aprobaci\u00f3n de proyectos de impacto nacional.<\/p>\n<p>Es importante recordar que, aunque un senador es electo por una provincia, al juramentarse se convierte en senador de toda la Rep\u00fablica Dominicana. Su responsabilidad trasciende lo local: pasa a tener en sus manos decisiones que afectan a los m\u00e1s de 11 millones de dominicanos.<\/p>\n<p>Por eso, el rol senatorial exige visi\u00f3n nacional, firmeza, sensibilidad, capacidad de di\u00e1logo y una comprensi\u00f3n profunda de las necesidades tanto de la provincia como del pa\u00eds.<\/p>\n<p>Como ejemplo, podemos tomar a nuestra provincia, Santiago: motor econ\u00f3mico, cultural y social de la naci\u00f3n, con un liderazgo empresarial, acad\u00e9mico y art\u00edstico indiscutible. Sin embargo, a pesar de esa fortaleza, hoy no cuenta con una agenda legislativa clara y activa desde su representaci\u00f3n en el Senado.<br \/>\nLa provincia crece por su gente, por su empuje y por su creatividad. Pero ese esfuerzo no se traduce en pol\u00edticas p\u00fablicas, leyes modernas ni fiscalizaci\u00f3n efectiva, porque no existe un acompa\u00f1amiento legislativo consistente.<\/p>\n<p>No se trata de atacar a nadie; se trata de asumir una verdad evidente: Santiago no puede permitirse una representaci\u00f3n pasiva, ausente o desconectada. Necesita una voz que entienda su ritmo, su historia y su futuro; que construya puentes, trabaje con los sectores productivos e impulse cambios reales en el Congreso.<\/p>\n<p>El pa\u00eds requiere un Congreso que deje atr\u00e1s agendas personales y debates superficiales. Necesitamos legisladores que entiendan la pol\u00edtica como servicio, que escuchen a emprendedores, estudiantes, trabajadores y comunidades.<\/p>\n<p>Hoy, Santiago necesita urgentemente una representaci\u00f3n senatorial presente, cercana y activa, que se deje ver, que comparta y dialogue con sus ciudadanos, no solo en actos protocolarios o espor\u00e1dicos.<\/p>\n<p>La provincia merece alguien que no se desconecte de quienes le dieron su voto de confianza; alguien que comprenda sus necesidades, acompa\u00f1e sus retos y promueva iniciativas que realmente transformen la vida de la gente. Santiago merece un liderazgo que represente a la provincia con dignidad, y al pa\u00eds con responsabilidad.<\/p>\n<p>A los j\u00f3venes de Santiago y de todo el pa\u00eds les digo: conozcan, estudien e investiguen el Congreso y el trabajo de sus legisladores. No se conformen con lo superficial ni se dejen llevar por d\u00e1divas, comidas, bebidas o cualquier regalo que intente comprar su voto. Su participaci\u00f3n consciente es el primer paso para cambiar la pol\u00edtica desde la base. Votar con informaci\u00f3n y criterio garantiza que quienes lleguen al Congreso trabajen de verdad por la gente, y no solo para beneficiarse de su cargo.<br \/>\nSolo as\u00ed, ejerciendo ciudadan\u00eda responsable, podremos construir un pa\u00eds donde la voz de cada ciudadano sea escuchada y respetada.<\/p>\n<p>Ese es el Congreso que necesitamos. Ese es el Congreso que debemos construir juntos.<\/p>\n<p>Finalmente, este art\u00edculo es solo el primero de varios que estaremos publicando sobre el Congreso de la Rep\u00fablica Dominicana. La intenci\u00f3n es acercar a los ciudadanos, especialmente a la juventud, al conocimiento profundo de su funcionamiento, sus responsabilidades y su impacto en la vida de todos. Los invitamos a estar atentos a los pr\u00f3ximos textos, donde seguiremos analizando c\u00f3mo exigir y construir una representaci\u00f3n m\u00e1s cercana, efectiva y comprometida con la gente.<\/p>\n","protected":false},"excerpt":{"rendered":"<p>Por: Asiaraf Serulle | \u201cEl respeto nos gu\u00eda, el trabajo en equipo nos impulsa, el liderazgo nos define.\u201d Hemos venido publicando art\u00edculos con la intenci\u00f3n de motivar a la juventud y a todos los ciudadanos a integrarse en la pol\u00edtica y a trabajar de la mano para impulsar cambios significativos que impacten la vida de [&hellip;]<\/p>\n","protected":false},"author":1,"featured_media":84568,"comment_status":"open","ping_status":"open","sticky":false,"template":"","format":"standard","meta":{"tdm_status":"","tdm_grid_status":"","footnotes":""},"categories":[53],"tags":[],"_links":{"self":[{"href":"https:\/\/pldaldia.com\/portada\/wp-json\/wp\/v2\/posts\/84567"}],"collection":[{"href":"https:\/\/pldaldia.com\/portada\/wp-json\/wp\/v2\/posts"}],"about":[{"href":"https:\/\/pldaldia.com\/portada\/wp-json\/wp\/v2\/types\/post"}],"author":[{"embeddable":true,"href":"https:\/\/pldaldia.com\/portada\/wp-json\/wp\/v2\/users\/1"}],"replies":[{"embeddable":true,"href":"https:\/\/pldaldia.com\/portada\/wp-json\/wp\/v2\/comments?post=84567"}],"version-history":[{"count":1,"href":"https:\/\/pldaldia.com\/portada\/wp-json\/wp\/v2\/posts\/84567\/revisions"}],"predecessor-version":[{"id":84569,"href":"https:\/\/pldaldia.com\/portada\/wp-json\/wp\/v2\/posts\/84567\/revisions\/84569"}],"wp:featuredmedia":[{"embeddable":true,"href":"https:\/\/pldaldia.com\/portada\/wp-json\/wp\/v2\/media\/84568"}],"wp:attachment":[{"href":"https:\/\/pldaldia.com\/portada\/wp-json\/wp\/v2\/media?parent=84567"}],"wp:term":[{"taxonomy":"category","embeddable":true,"href":"https:\/\/pldaldia.com\/portada\/wp-json\/wp\/v2\/categories?post=84567"},{"taxonomy":"post_tag","embeddable":true,"href":"https:\/\/pldaldia.com\/portada\/wp-json\/wp\/v2\/tags?post=84567"}],"curies":[{"name":"wp","href":"https:\/\/api.w.org\/{rel}","templated":true}]}}