{"id":84570,"date":"2025-12-09T17:12:18","date_gmt":"2025-12-09T21:12:18","guid":{"rendered":"https:\/\/pldaldia.com\/portada\/?p=84570"},"modified":"2025-12-09T17:12:18","modified_gmt":"2025-12-09T21:12:18","slug":"emplazan-a-la-directora-de-etica-entregar-lista-de-funcionarios-enviada-a-la-pgr","status":"publish","type":"post","link":"https:\/\/pldaldia.com\/portada\/emplazan-a-la-directora-de-etica-entregar-lista-de-funcionarios-enviada-a-la-pgr\/","title":{"rendered":"Emplazan a la directora de \u00c9tica entregar lista de funcionarios enviada a la PGR"},"content":{"rendered":"<p>Las prestadoras de servicios de salud no est\u00e1n dando servicio a los afiliados en SeNaSa, denuncia Yv\u00e1n Lorenzo, vicepresidente del PLD<\/p>\n<p>El vicepresidente del Partido de la Liberaci\u00f3n Dominicana, Yv\u00e1n Lorenzo, anunci\u00f3 que emplaz\u00f3 mediante acto de alguacil a Milagros Ortiz, directora de \u00c9tica Gubernamental, para que le remita el listado de los funcionarios que esa instituci\u00f3n envi\u00f3 a la Procuradur\u00eda General de la Rep\u00fablica por actos de corrupci\u00f3n.<\/p>\n<p>\u201cCon este emplazamiento estamos interpretando un clamor del pueblo dominicano que quiere saber a quienes corresponden los 276 expedientes enviados a la Procuradur\u00eda\u201d, declar\u00f3 Lorenzo al programa el Show del Mediod\u00eda.<\/p>\n<p>Record\u00f3 que previamente, en septiembre del 2024 la directora general de \u00c9tica envi\u00f3 49 expedientes a la Procuradur\u00eda General de la Rep\u00fablica. \u201cEsto significa que ha habido un aumento de casi un 500% en los casos de corrupci\u00f3n que encabeza el gobierno del PRM.<\/p>\n<p>El ex senador agreg\u00f3 que tambi\u00e9n est\u00e1 solicitando el env\u00edo de la lista de funcionarios y ex funcionarios que no han hecho su declaraci\u00f3n jurada en violaci\u00f3n de la Ley y en desaf\u00edo a las autoridades.<\/p>\n<p>Con relaci\u00f3n al caso de SeNaSa, anunci\u00f3 tambi\u00e9n que est\u00e1 emplazando a la SISALRIL para que publique el estado financiero correspondiente a este a\u00f1o.<\/p>\n<p>Lorenzo reiter\u00f3 que el Senasa est\u00e1 pr\u00e1cticamente quebrado, con un d\u00e9ficit de m\u00e1s de 3,300 millones de pesos y cuatro meses que no les paga a las prestadoras de servicios.<\/p>\n<p>\u201cLos ciudadanos que utilizan el seguro de salud de SeNaSa est\u00e1n pasando verg\u00fcenza porque las prestadoras no les est\u00e1 dando servicios\u201d, declar\u00f3 el vicepresidente del PLD.<\/p>\n","protected":false},"excerpt":{"rendered":"<p>Las prestadoras de servicios de salud no est\u00e1n dando servicio a los afiliados en SeNaSa, denuncia Yv\u00e1n Lorenzo, vicepresidente del PLD El vicepresidente del Partido de la Liberaci\u00f3n Dominicana, Yv\u00e1n Lorenzo, anunci\u00f3 que emplaz\u00f3 mediante acto de alguacil a Milagros Ortiz, directora de \u00c9tica Gubernamental, para que le remita el listado de los funcionarios que [&hellip;]<\/p>\n","protected":false},"author":1,"featured_media":84571,"comment_status":"open","ping_status":"open","sticky":false,"template":"","format":"standard","meta":{"tdm_status":"","tdm_grid_status":"","footnotes":""},"categories":[9],"tags":[],"_links":{"self":[{"href":"https:\/\/pldaldia.com\/portada\/wp-json\/wp\/v2\/posts\/84570"}],"collection":[{"href":"https:\/\/pldaldia.com\/portada\/wp-json\/wp\/v2\/posts"}],"about":[{"href":"https:\/\/pldaldia.com\/portada\/wp-json\/wp\/v2\/types\/post"}],"author":[{"embeddable":true,"href":"https:\/\/pldaldia.com\/portada\/wp-json\/wp\/v2\/users\/1"}],"replies":[{"embeddable":true,"href":"https:\/\/pldaldia.com\/portada\/wp-json\/wp\/v2\/comments?post=84570"}],"version-history":[{"count":1,"href":"https:\/\/pldaldia.com\/portada\/wp-json\/wp\/v2\/posts\/84570\/revisions"}],"predecessor-version":[{"id":84572,"href":"https:\/\/pldaldia.com\/portada\/wp-json\/wp\/v2\/posts\/84570\/revisions\/84572"}],"wp:featuredmedia":[{"embeddable":true,"href":"https:\/\/pldaldia.com\/portada\/wp-json\/wp\/v2\/media\/84571"}],"wp:attachment":[{"href":"https:\/\/pldaldia.com\/portada\/wp-json\/wp\/v2\/media?parent=84570"}],"wp:term":[{"taxonomy":"category","embeddable":true,"href":"https:\/\/pldaldia.com\/portada\/wp-json\/wp\/v2\/categories?post=84570"},{"taxonomy":"post_tag","embeddable":true,"href":"https:\/\/pldaldia.com\/portada\/wp-json\/wp\/v2\/tags?post=84570"}],"curies":[{"name":"wp","href":"https:\/\/api.w.org\/{rel}","templated":true}]}}