{"id":84573,"date":"2025-12-09T17:43:46","date_gmt":"2025-12-09T21:43:46","guid":{"rendered":"https:\/\/pldaldia.com\/portada\/?p=84573"},"modified":"2025-12-09T17:50:09","modified_gmt":"2025-12-09T21:50:09","slug":"el-prm-sigue-enganando-a-la-gente-con-falsas-promesas","status":"publish","type":"post","link":"https:\/\/pldaldia.com\/portada\/el-prm-sigue-enganando-a-la-gente-con-falsas-promesas\/","title":{"rendered":"El PRM sigue enga\u00f1ando a la gente con falsas promesas"},"content":{"rendered":"<p>El PLD en Montecristi denuncia el uso de los programas de asistencia social del Gobierno con fines propagand\u00edsticos para el PRM<\/p>\n<p>El Partido de la Liberaci\u00f3n Dominicana (PLD) en Montecristi denunci\u00f3 el uso de los programas de asistencia social del Gobierno con fines propagand\u00edsticos para el PRM, en franca violaci\u00f3n de los principios de transparencia, equidad y uso correcto de los recursos p\u00fablicos y de la Ley de Partidos.<\/p>\n<p>\u201cDenunciamos ante la opini\u00f3n p\u00fablica que el reci\u00e9n finalizado proceso del llamado \u201cverif\u00edcate\u201d se realiz\u00f3 bajo un esquema de enga\u00f1o, utilizando la promesa de tarjetas y supuestas pensiones para manipular las necesidades de los ciudadanos m\u00e1s vulnerables\u201d, advirti\u00f3 Alexander Rivas, presidente provincial del PLD en Montecristi.<\/p>\n<p>Al condenar la pr\u00e1ctica de los perreme\u00edsta en el gobierno, Rivas dijo que se aprovechan de las limitaciones y precariedades de los sectores m\u00e1s desfavorecidos en lo que constituye una grave distorsi\u00f3n del prop\u00f3sito real de las pol\u00edticas sociales.<\/p>\n<p>\u201cHacemos un llamado a los organismos de control del Estado para que se mantengan vigilantes y act\u00faen con responsabilidad, ya que se est\u00e1n utilizando programas de asistencia social con fines politiqueros, en clara violaci\u00f3n de los principios de transparencia, equidad y uso correcto de los recursos p\u00fablicos\u201d denunci\u00f3 Alexander Rivas.<\/p>\n<p>Al cerrar su denuncia reafirm\u00f3 el compromiso del PLD con la defensa de la institucionalidad, el respeto a la dignidad humana y la protecci\u00f3n de los derechos de todos los ciudadanos, especialmente de aquellos que m\u00e1s necesitan del Estado.<\/p>\n","protected":false},"excerpt":{"rendered":"<p>El PLD en Montecristi denuncia el uso de los programas de asistencia social del Gobierno con fines propagand\u00edsticos para el PRM El Partido de la Liberaci\u00f3n Dominicana (PLD) en Montecristi denunci\u00f3 el uso de los programas de asistencia social del Gobierno con fines propagand\u00edsticos para el PRM, en franca violaci\u00f3n de los principios de transparencia, [&hellip;]<\/p>\n","protected":false},"author":1,"featured_media":84576,"comment_status":"open","ping_status":"open","sticky":false,"template":"","format":"standard","meta":{"tdm_status":"","tdm_grid_status":"","footnotes":""},"categories":[9],"tags":[],"_links":{"self":[{"href":"https:\/\/pldaldia.com\/portada\/wp-json\/wp\/v2\/posts\/84573"}],"collection":[{"href":"https:\/\/pldaldia.com\/portada\/wp-json\/wp\/v2\/posts"}],"about":[{"href":"https:\/\/pldaldia.com\/portada\/wp-json\/wp\/v2\/types\/post"}],"author":[{"embeddable":true,"href":"https:\/\/pldaldia.com\/portada\/wp-json\/wp\/v2\/users\/1"}],"replies":[{"embeddable":true,"href":"https:\/\/pldaldia.com\/portada\/wp-json\/wp\/v2\/comments?post=84573"}],"version-history":[{"count":1,"href":"https:\/\/pldaldia.com\/portada\/wp-json\/wp\/v2\/posts\/84573\/revisions"}],"predecessor-version":[{"id":84575,"href":"https:\/\/pldaldia.com\/portada\/wp-json\/wp\/v2\/posts\/84573\/revisions\/84575"}],"wp:featuredmedia":[{"embeddable":true,"href":"https:\/\/pldaldia.com\/portada\/wp-json\/wp\/v2\/media\/84576"}],"wp:attachment":[{"href":"https:\/\/pldaldia.com\/portada\/wp-json\/wp\/v2\/media?parent=84573"}],"wp:term":[{"taxonomy":"category","embeddable":true,"href":"https:\/\/pldaldia.com\/portada\/wp-json\/wp\/v2\/categories?post=84573"},{"taxonomy":"post_tag","embeddable":true,"href":"https:\/\/pldaldia.com\/portada\/wp-json\/wp\/v2\/tags?post=84573"}],"curies":[{"name":"wp","href":"https:\/\/api.w.org\/{rel}","templated":true}]}}