{"id":84582,"date":"2025-12-10T02:11:26","date_gmt":"2025-12-10T06:11:26","guid":{"rendered":"https:\/\/pldaldia.com\/portada\/?p=84582"},"modified":"2025-12-10T02:11:26","modified_gmt":"2025-12-10T06:11:26","slug":"contribuciones-del-cooperativismo-latinoamericano","status":"publish","type":"post","link":"https:\/\/pldaldia.com\/portada\/contribuciones-del-cooperativismo-latinoamericano\/","title":{"rendered":"Contribuciones del cooperativismo latinoamericano"},"content":{"rendered":"<p>Representantes de gobierno, del sector cooperativo, de organismos internacionales, de la academia y de centros de investigaci\u00f3n en desarrollo rural y econom\u00eda social se dieron cita la semana pasada participando r en el Seminario \u201cAvances y desaf\u00edos del cooperativismo en Chile, reflexiones y lecciones aprendidas del A\u00f1o Internacional de las Cooperativas a nivel nacional y su articulaci\u00f3n con la agenda regional de cooperativismo\u201d en la sede de la Comisi\u00f3n Econ\u00f3mica para Am\u00e9rica Latina y el Caribe (CEPAL) en Santiago de Chile<\/p>\n<p>El evento fue organizado por el Gobierno de Chile y el sistema de las Naciones Unidas en el pa\u00eds, en coordinaci\u00f3n con Cooperativas de las Am\u00e9ricas, y cont\u00f3 con palabras de apertura de Luis Fidel Y\u00e1\u00f1ez, Secretario de la Comisi\u00f3n de la CEPAL, en representaci\u00f3n del Secretario Ejecutivo Jos\u00e9 Manuel Salazar-Xirinachs; Violet Speek Warnery, Coordinadora Residente a.i del Sistema de las Naciones Unidas en Chile; Danilo Salerno, Director Regional de Cooperativas de las Am\u00e9ricas; y Mar\u00eda Ignacia Fern\u00e1ndez, Ministra de Agricultura de Chile.<\/p>\n","protected":false},"excerpt":{"rendered":"<p>Representantes de gobierno, del sector cooperativo, de organismos internacionales, de la academia y de centros de investigaci\u00f3n en desarrollo rural y econom\u00eda social se dieron cita la semana pasada participando r en el Seminario \u201cAvances y desaf\u00edos del cooperativismo en Chile, reflexiones y lecciones aprendidas del A\u00f1o Internacional de las Cooperativas a nivel nacional y [&hellip;]<\/p>\n","protected":false},"author":1,"featured_media":84579,"comment_status":"open","ping_status":"open","sticky":false,"template":"","format":"standard","meta":{"tdm_status":"","tdm_grid_status":"","footnotes":""},"categories":[50],"tags":[],"_links":{"self":[{"href":"https:\/\/pldaldia.com\/portada\/wp-json\/wp\/v2\/posts\/84582"}],"collection":[{"href":"https:\/\/pldaldia.com\/portada\/wp-json\/wp\/v2\/posts"}],"about":[{"href":"https:\/\/pldaldia.com\/portada\/wp-json\/wp\/v2\/types\/post"}],"author":[{"embeddable":true,"href":"https:\/\/pldaldia.com\/portada\/wp-json\/wp\/v2\/users\/1"}],"replies":[{"embeddable":true,"href":"https:\/\/pldaldia.com\/portada\/wp-json\/wp\/v2\/comments?post=84582"}],"version-history":[{"count":2,"href":"https:\/\/pldaldia.com\/portada\/wp-json\/wp\/v2\/posts\/84582\/revisions"}],"predecessor-version":[{"id":84585,"href":"https:\/\/pldaldia.com\/portada\/wp-json\/wp\/v2\/posts\/84582\/revisions\/84585"}],"wp:featuredmedia":[{"embeddable":true,"href":"https:\/\/pldaldia.com\/portada\/wp-json\/wp\/v2\/media\/84579"}],"wp:attachment":[{"href":"https:\/\/pldaldia.com\/portada\/wp-json\/wp\/v2\/media?parent=84582"}],"wp:term":[{"taxonomy":"category","embeddable":true,"href":"https:\/\/pldaldia.com\/portada\/wp-json\/wp\/v2\/categories?post=84582"},{"taxonomy":"post_tag","embeddable":true,"href":"https:\/\/pldaldia.com\/portada\/wp-json\/wp\/v2\/tags?post=84582"}],"curies":[{"name":"wp","href":"https:\/\/api.w.org\/{rel}","templated":true}]}}