{"id":84586,"date":"2025-12-10T02:13:41","date_gmt":"2025-12-10T06:13:41","guid":{"rendered":"https:\/\/pldaldia.com\/portada\/?p=84586"},"modified":"2025-12-10T02:13:41","modified_gmt":"2025-12-10T06:13:41","slug":"10-de-diciembre-dia-de-los-derechos-humanos","status":"publish","type":"post","link":"https:\/\/pldaldia.com\/portada\/10-de-diciembre-dia-de-los-derechos-humanos\/","title":{"rendered":"10 de diciembre (D\u00eda de los Derechos Humanos)"},"content":{"rendered":"<p>El 10 de diciembre se celebra el D\u00eda de los Derechos Humanos, coincidiendo con el aniversario de la Declaraci\u00f3n Universal de Derechos Humanos, que se aprob\u00f3 en 1948.<\/p>\n","protected":false},"excerpt":{"rendered":"<p>El 10 de diciembre se celebra el D\u00eda de los Derechos Humanos, coincidiendo con el aniversario de la Declaraci\u00f3n Universal de Derechos Humanos, que se aprob\u00f3 en 1948.<\/p>\n","protected":false},"author":1,"featured_media":84583,"comment_status":"open","ping_status":"open","sticky":false,"template":"","format":"standard","meta":{"tdm_status":"","tdm_grid_status":"","footnotes":""},"categories":[57],"tags":[],"_links":{"self":[{"href":"https:\/\/pldaldia.com\/portada\/wp-json\/wp\/v2\/posts\/84586"}],"collection":[{"href":"https:\/\/pldaldia.com\/portada\/wp-json\/wp\/v2\/posts"}],"about":[{"href":"https:\/\/pldaldia.com\/portada\/wp-json\/wp\/v2\/types\/post"}],"author":[{"embeddable":true,"href":"https:\/\/pldaldia.com\/portada\/wp-json\/wp\/v2\/users\/1"}],"replies":[{"embeddable":true,"href":"https:\/\/pldaldia.com\/portada\/wp-json\/wp\/v2\/comments?post=84586"}],"version-history":[{"count":1,"href":"https:\/\/pldaldia.com\/portada\/wp-json\/wp\/v2\/posts\/84586\/revisions"}],"predecessor-version":[{"id":84587,"href":"https:\/\/pldaldia.com\/portada\/wp-json\/wp\/v2\/posts\/84586\/revisions\/84587"}],"wp:featuredmedia":[{"embeddable":true,"href":"https:\/\/pldaldia.com\/portada\/wp-json\/wp\/v2\/media\/84583"}],"wp:attachment":[{"href":"https:\/\/pldaldia.com\/portada\/wp-json\/wp\/v2\/media?parent=84586"}],"wp:term":[{"taxonomy":"category","embeddable":true,"href":"https:\/\/pldaldia.com\/portada\/wp-json\/wp\/v2\/categories?post=84586"},{"taxonomy":"post_tag","embeddable":true,"href":"https:\/\/pldaldia.com\/portada\/wp-json\/wp\/v2\/tags?post=84586"}],"curies":[{"name":"wp","href":"https:\/\/api.w.org\/{rel}","templated":true}]}}