{"id":84592,"date":"2025-12-10T11:36:23","date_gmt":"2025-12-10T15:36:23","guid":{"rendered":"https:\/\/pldaldia.com\/portada\/?p=84592"},"modified":"2025-12-10T11:36:23","modified_gmt":"2025-12-10T15:36:23","slug":"agradeciendo-esfuerzo-de-fortalecimiento-de-corriente-gremial","status":"publish","type":"post","link":"https:\/\/pldaldia.com\/portada\/agradeciendo-esfuerzo-de-fortalecimiento-de-corriente-gremial\/","title":{"rendered":"Agradeciendo esfuerzo de fortalecimiento de corriente gremial"},"content":{"rendered":"<p>Dignidad Gremial Codiana re\u00fane miembros y directivos en un encuentro con motivos de las navidades y aniversario del PLD<\/p>\n<p>La corriente Dignidad Gremial Codiana (DGC) ap\u00e9ndice de la Secretar\u00eda de Asuntos Gremiales y Profesionales (SAGP), del Partido de la Liberaci\u00f3n Dominicana (PLD) celebr\u00f3 un encuentro navide\u00f1o entre sus miembros en el que particip\u00f3 el Secretario General del PLD, Johnny Pujols, junto a los tambi\u00e9n miembros del Comit\u00e9 Pol\u00edtico Ram\u00f3n de la Rosa y Gustavo S\u00e1nchez.<\/p>\n<p>\u201cCon este tipo de actividad procuramos seguir estrechando lazos amistosos, dar gracias a todos y todas por el sacrificio, esfuerzos y entrega al Partido y la secretar\u00eda\u201d, dijo Francisco Mosquea, titular de la Secretar\u00eda de Asuntos Gremiales y Profesionales del PLD al inicio del encuentro.<\/p>\n<p><a href=\"http:\/\/vanguardiadelpueblo.do\/wp-content\/uploads\/2025\/12\/WhatsApp-Image-2025-12-10-at-11.34.44-AM-1.jpeg\"><img decoding=\"async\" loading=\"lazy\" class=\"alignright size-medium wp-image-232178\" src=\"http:\/\/vanguardiadelpueblo.do\/wp-content\/uploads\/2025\/12\/WhatsApp-Image-2025-12-10-at-11.34.44-AM-1-480x201.jpeg\" alt=\"\" width=\"480\" height=\"201\" \/><\/a>En el agasajo participaron tambi\u00e9n los ex presidentes del CODIA, Dionisio Navarro y Francisco Marte, este \u00faltimo coordinador de Dignidad Gremial Codiana, funcionarios electos, entre ellos, regidores y diputado, as\u00ed como representantes de las provincias San Pedro Macor\u00eds, La Romana, Hato Mayor, San Crist\u00f3bal y La Provincia Santo Domingo.<\/p>\n<p>\u201cSe trat\u00f3 de un encuentro ameno y cordial en el que rein\u00f3 la camarader\u00eda entre los asistentes\u201d, explic\u00f3 uno de los participantes al concluir la celebraci\u00f3n<\/p>\n<p>En la actividad organizada por los profesionales de la ingenier\u00eda, miembros del PLD, participaron los directivos de las corrientes Dignidad Jur\u00eddica, de los Contadores y Economistas, encabezada por Leonardo Reynoso, Rafael Santos y Bernardino Pichardo respectivamente, el \u00faltimo presidi\u00f3 la comisi\u00f3n electoral que organiz\u00f3 el proceso de los Juristas.<\/p>\n<p>&nbsp;<\/p>\n","protected":false},"excerpt":{"rendered":"<p>Dignidad Gremial Codiana re\u00fane miembros y directivos en un encuentro con motivos de las navidades y aniversario del PLD La corriente Dignidad Gremial Codiana (DGC) ap\u00e9ndice de la Secretar\u00eda de Asuntos Gremiales y Profesionales (SAGP), del Partido de la Liberaci\u00f3n Dominicana (PLD) celebr\u00f3 un encuentro navide\u00f1o entre sus miembros en el que particip\u00f3 el Secretario [&hellip;]<\/p>\n","protected":false},"author":1,"featured_media":84593,"comment_status":"open","ping_status":"open","sticky":false,"template":"","format":"standard","meta":{"tdm_status":"","tdm_grid_status":"","footnotes":""},"categories":[9],"tags":[],"_links":{"self":[{"href":"https:\/\/pldaldia.com\/portada\/wp-json\/wp\/v2\/posts\/84592"}],"collection":[{"href":"https:\/\/pldaldia.com\/portada\/wp-json\/wp\/v2\/posts"}],"about":[{"href":"https:\/\/pldaldia.com\/portada\/wp-json\/wp\/v2\/types\/post"}],"author":[{"embeddable":true,"href":"https:\/\/pldaldia.com\/portada\/wp-json\/wp\/v2\/users\/1"}],"replies":[{"embeddable":true,"href":"https:\/\/pldaldia.com\/portada\/wp-json\/wp\/v2\/comments?post=84592"}],"version-history":[{"count":1,"href":"https:\/\/pldaldia.com\/portada\/wp-json\/wp\/v2\/posts\/84592\/revisions"}],"predecessor-version":[{"id":84594,"href":"https:\/\/pldaldia.com\/portada\/wp-json\/wp\/v2\/posts\/84592\/revisions\/84594"}],"wp:featuredmedia":[{"embeddable":true,"href":"https:\/\/pldaldia.com\/portada\/wp-json\/wp\/v2\/media\/84593"}],"wp:attachment":[{"href":"https:\/\/pldaldia.com\/portada\/wp-json\/wp\/v2\/media?parent=84592"}],"wp:term":[{"taxonomy":"category","embeddable":true,"href":"https:\/\/pldaldia.com\/portada\/wp-json\/wp\/v2\/categories?post=84592"},{"taxonomy":"post_tag","embeddable":true,"href":"https:\/\/pldaldia.com\/portada\/wp-json\/wp\/v2\/tags?post=84592"}],"curies":[{"name":"wp","href":"https:\/\/api.w.org\/{rel}","templated":true}]}}