{"id":84595,"date":"2025-12-10T12:04:17","date_gmt":"2025-12-10T16:04:17","guid":{"rendered":"https:\/\/pldaldia.com\/portada\/?p=84595"},"modified":"2025-12-10T12:04:40","modified_gmt":"2025-12-10T16:04:40","slug":"momento-poco-adecuado-para-una-reforma-fiscal","status":"publish","type":"post","link":"https:\/\/pldaldia.com\/portada\/momento-poco-adecuado-para-una-reforma-fiscal\/","title":{"rendered":"Momento poco adecuado para una reforma fiscal"},"content":{"rendered":"<p>El economista Richard Medina, del CP del PLD, prev\u00e9 un crecimiento econ\u00f3mico dif\u00edcil en RD en el primer trimestre de 2026.<\/p>\n<p>El economista Richard Medina, miembro del Comit\u00e9 Pol\u00edtico del Partido de la Liberaci\u00f3n Dominicana (PLD) prev\u00e9 un crecimiento econ\u00f3mico dif\u00edcil para el primer trimestre del pr\u00f3ximo a\u00f1o 2026 en Rep\u00fablica Dominicana (PLD).<\/p>\n<p>Medina al intervenir en el programa El Sol de la Ma\u00f1ana reiter\u00f3 que el ritmo de crecimiento no ser\u00e1 tan alto como en a\u00f1os anteriores, incluyendo el corriente 2025.<\/p>\n<p>\u00abVamos a crecer m\u00e1s evidentemente que el primer trimestre de este a\u00f1o, pero no a los niveles a los que estamos acostumbrados, un 4 o 5 por ciento\u00bb, se\u00f1al\u00f3.<\/p>\n<p>Richard Medina explic\u00f3 que se espera un crecimiento moderado de entre 2.5% y 3% para el trimestre.<\/p>\n<p>Sobre la posibilidad de aplicar la reforma fiscal en el pa\u00eds, que es un tema de debate, considera que no es el momento adecuado para implementar cambios estructurales en la econom\u00eda dominicana.<\/p>\n<p>\u00abLa econom\u00eda est\u00e1 tan lenta que hacer una reforma lo que implicar\u00eda es sacar dinero del bolsillo de las personas y de las empresas\u00bb, coment\u00f3, sugiriendo que esto podr\u00eda ralentizar a\u00fan m\u00e1s la econom\u00eda.<\/p>\n<p>En cuanto a los niveles inflacionarios, tema presentado en el panel, Richard Medina se\u00f1al\u00f3 que algunos productos b\u00e1sicos, como los pl\u00e1tanos y otros alimentos han experimentado aumentos de precios significativos este a\u00f1o, lo que podr\u00eda dificultar el control de la inflaci\u00f3n en el corto plazo., aunque prev\u00e9 que la inflaci\u00f3n no superar\u00eda los par\u00e1metros establecidos por el Banco Central de la Rep\u00fablica Dominicana.<\/p>\n<p>Concluy\u00f3 su intervenci\u00f3n se\u00f1alando que, a pesar de los retos econ\u00f3micos que enfrenta en el corto plazo, las se\u00f1ales positivas del sector tur\u00edstico ofrecen una perspectiva alentadora para el futuro cercano.<\/p>\n","protected":false},"excerpt":{"rendered":"<p>El economista Richard Medina, del CP del PLD, prev\u00e9 un crecimiento econ\u00f3mico dif\u00edcil en RD en el primer trimestre de 2026. El economista Richard Medina, miembro del Comit\u00e9 Pol\u00edtico del Partido de la Liberaci\u00f3n Dominicana (PLD) prev\u00e9 un crecimiento econ\u00f3mico dif\u00edcil para el primer trimestre del pr\u00f3ximo a\u00f1o 2026 en Rep\u00fablica Dominicana (PLD). Medina al [&hellip;]<\/p>\n","protected":false},"author":1,"featured_media":84596,"comment_status":"open","ping_status":"open","sticky":false,"template":"","format":"standard","meta":{"tdm_status":"","tdm_grid_status":"","footnotes":""},"categories":[9],"tags":[],"_links":{"self":[{"href":"https:\/\/pldaldia.com\/portada\/wp-json\/wp\/v2\/posts\/84595"}],"collection":[{"href":"https:\/\/pldaldia.com\/portada\/wp-json\/wp\/v2\/posts"}],"about":[{"href":"https:\/\/pldaldia.com\/portada\/wp-json\/wp\/v2\/types\/post"}],"author":[{"embeddable":true,"href":"https:\/\/pldaldia.com\/portada\/wp-json\/wp\/v2\/users\/1"}],"replies":[{"embeddable":true,"href":"https:\/\/pldaldia.com\/portada\/wp-json\/wp\/v2\/comments?post=84595"}],"version-history":[{"count":1,"href":"https:\/\/pldaldia.com\/portada\/wp-json\/wp\/v2\/posts\/84595\/revisions"}],"predecessor-version":[{"id":84597,"href":"https:\/\/pldaldia.com\/portada\/wp-json\/wp\/v2\/posts\/84595\/revisions\/84597"}],"wp:featuredmedia":[{"embeddable":true,"href":"https:\/\/pldaldia.com\/portada\/wp-json\/wp\/v2\/media\/84596"}],"wp:attachment":[{"href":"https:\/\/pldaldia.com\/portada\/wp-json\/wp\/v2\/media?parent=84595"}],"wp:term":[{"taxonomy":"category","embeddable":true,"href":"https:\/\/pldaldia.com\/portada\/wp-json\/wp\/v2\/categories?post=84595"},{"taxonomy":"post_tag","embeddable":true,"href":"https:\/\/pldaldia.com\/portada\/wp-json\/wp\/v2\/tags?post=84595"}],"curies":[{"name":"wp","href":"https:\/\/api.w.org\/{rel}","templated":true}]}}