{"id":84598,"date":"2025-12-11T01:26:37","date_gmt":"2025-12-11T05:26:37","guid":{"rendered":"https:\/\/pldaldia.com\/portada\/?p=84598"},"modified":"2025-12-11T01:26:37","modified_gmt":"2025-12-11T05:26:37","slug":"navidad-inclusiva-humana-y-solidaria","status":"publish","type":"post","link":"https:\/\/pldaldia.com\/portada\/navidad-inclusiva-humana-y-solidaria\/","title":{"rendered":"Navidad Inclusiva, Humana y Solidaria"},"content":{"rendered":"<p>Por: Luis Fern\u00e1ndez | La navidad es una \u00e9poca del a\u00f1o llena de<br \/>\nalegr\u00eda, amor y solidaridad, que aunque se<br \/>\nvive de manera distinta es una festividad<br \/>\ncristiana,en la que se conmemora el<br \/>\nnacimiento del ni\u00f1o Jes\u00fas, actualmente es<br \/>\ncelebrada todos los a\u00f1os en gran parte del<br \/>\nmundo como una ocasi\u00f3n de reencuentro y<br \/>\nconciliaci\u00f3n entre familiares, amigos y<br \/>\nrelacionados cercanos.<\/p>\n<p>Como festividad Cristiana la navidad es<br \/>\ncelebrada el 25 de Diciembre y en la iglesia ortodoxa rusa y las<br \/>\niglesias orientales se festeja el 6 y el 7 de enero, mas all\u00e1 de las<br \/>\ndiferencias todas coinciden en un mensaje com\u00fan de esperanza y<br \/>\npaz, amor al pr\u00f3jimo, solidaridad y servicio, y contenido universal de<br \/>\ndignidad humana, esta diversidad y todas estas coincidencias<br \/>\nenriquecen la celebraci\u00f3n.<\/p>\n<p>Mas all\u00e1 de los ritos y las fechas la navidad recuerda que toda<br \/>\npersona merece dignidad, respeto y acogida, en un mundo cada vez<br \/>\nmas marcado por conflictos y desigualdades, celebrar la navidad<br \/>\ndesde cualquier tradici\u00f3n es renovar el compromiso con la<br \/>\nhumanidad, la justicia y la paz, de modo que contribuyamos entre<br \/>\ntodos a la construcci\u00f3n de un mundo mas justo y humano.<\/p>\n<p>La diversidad de festividades de la \u00e9poca, nos presenta una gran<br \/>\nense\u00f1anza y es que esta no divide cuando existe un compromiso<br \/>\nsocial com\u00fan con la dignidad humana, poniendo a la persona en el<br \/>\ncentro,especialmente los que viven en pobreza, exclusi\u00f3n,<br \/>\ndesplazamiento o migraci\u00f3n forzada, fortaleciendo la solidaridad y<br \/>\ntrabajando por una paz con justicia social.<\/p>\n<p>Celebrar la Navidad no solo debe ser un tiempo solamente para<br \/>\nfestejar , mas all\u00e1 de credos y tradiciones, hay que reflexionar<br \/>\nprofundamente ya que no es posible una celebraci\u00f3n autentica,<br \/>\nmientras este presente la exclusi\u00f3n, la desigualdad y la indiferencia,<br \/>\ndebemos tener siempre presente, que una sociedad se valora por la<br \/>\nmanera en que trata a sus miembros mas vulnerables.<\/p>\n<p>La navidad debe ser un tiempo para renovar nuestro compromiso de<br \/>\nvivir con generosidad,humildad, compasi\u00f3n y sencillez no solo en el<br \/>\nmes de diciembre, agradecer por la vida , la salud y la familia,<br \/>\nrecordando siempre que la verdadera riqueza esta en el amor y la<br \/>\ncompa\u00f1\u00eda, no en los regalos, la superficialidad, el consumismo, el<br \/>\nego\u00edsmo y la avaricia.<\/p>\n<p>Renovar la esperanza y vivir la navidad como un nuevo comienzo<br \/>\npara ser mejores personas, creyendo en uno mismo y en la<br \/>\nposibilidad de un futuro mas brillante, comprometi\u00e9ndonos a<br \/>\ncompartir amor y bondad, ayudando a los mas necesitados y<br \/>\nenfoc\u00e1ndonos en dar no solo en recibir, son aspectos claves para una<br \/>\nnavidad inclusiva, humana y solidaria.<\/p>\n<p>La solidaridad no puede quedarse en el discurso ni limitarse a gestos<br \/>\nocasionales y simb\u00f3licos, esta exige pol\u00edticas p\u00fablicas inclusivas,<br \/>\nresponsables, sostenibles y una pr\u00e1ctica permanente, celebrar la<br \/>\nnavidad es asumir un compromiso colectivo de proteger la vida y<br \/>\ntrabajar por sociedades mas justas y humanas donde nadie quede<br \/>\nexcluido o discriminado.<\/p>\n<p>La navidad cobra sentido cuando la sociedad transforma sus valores<br \/>\nen acciones concretas, justicia frente a los privilegios,inclusi\u00f3n en<br \/>\nlugar de indiferencia y humanidad ante el dolor ajeno, esta<br \/>\ncelebraci\u00f3n sigue siendo una oportunidad, para que frente a los duros<br \/>\ny dif\u00edciles tiempos que estamos viviendo, reafirmemos que ning\u00fan ser<br \/>\nhumano deber\u00eda quedar al margen de la dignidad y la esperanza.<br \/>\nEn su Cuento de Navidad el maestro Juan Bosch con su gran<br \/>\ncapacidad de comunicar, nos muestra que la navidad es una<br \/>\noportunidad para redescubrir el mensaje original de Jesus, un<br \/>\nllamado a la equidad,la humildad y la solidaridad, en contraposici\u00f3n a<br \/>\nla superficialidad, la divisi\u00f3n social, la falta de hermandad de los<br \/>\npueblos, de solidaridad y la desigualdad de todas las sociedades.<\/p>\n<p>Estas desigualdades son las que abren las brechas entre ricos y<br \/>\npobres, por eso las diferencias econ\u00f3micas imperantes en los pa\u00edses<br \/>\ndel mundo, donde los ni\u00f1os ricos reciben muchos regalos, pero los<br \/>\nni\u00f1os pobres reciben los menos y en muchos casos ninguno, es por<br \/>\nesto que la navidad no puede ser simplemente un acto de consumo,<br \/>\nsino que la verdadera navidad es profundamente humana y solidaria.<br \/>\nPropugnar por una navidad inclusiva , humana y solidaria, que mire al<br \/>\nser humano con dignidad y empat\u00eda y actuar para construir una<\/p>\n<p>sociedad mas fraterna, convirtiendo la esperanza en compromiso, la<br \/>\nalegr\u00eda en generosidad y la tradici\u00f3n en practica de justicia y<br \/>\nsolidaridad, serian hechos tangibles que har\u00edan de la navidad no solo<br \/>\nuna fecha, sino un tiempo de reencontrarnos con lo humano, renovar<br \/>\nvalores y fortalecer lazos.<\/p>\n","protected":false},"excerpt":{"rendered":"<p>Por: Luis Fern\u00e1ndez | La navidad es una \u00e9poca del a\u00f1o llena de alegr\u00eda, amor y solidaridad, que aunque se vive de manera distinta es una festividad cristiana,en la que se conmemora el nacimiento del ni\u00f1o Jes\u00fas, actualmente es celebrada todos los a\u00f1os en gran parte del mundo como una ocasi\u00f3n de reencuentro y conciliaci\u00f3n [&hellip;]<\/p>\n","protected":false},"author":1,"featured_media":65184,"comment_status":"open","ping_status":"open","sticky":false,"template":"","format":"standard","meta":{"tdm_status":"","tdm_grid_status":"","footnotes":""},"categories":[53],"tags":[],"_links":{"self":[{"href":"https:\/\/pldaldia.com\/portada\/wp-json\/wp\/v2\/posts\/84598"}],"collection":[{"href":"https:\/\/pldaldia.com\/portada\/wp-json\/wp\/v2\/posts"}],"about":[{"href":"https:\/\/pldaldia.com\/portada\/wp-json\/wp\/v2\/types\/post"}],"author":[{"embeddable":true,"href":"https:\/\/pldaldia.com\/portada\/wp-json\/wp\/v2\/users\/1"}],"replies":[{"embeddable":true,"href":"https:\/\/pldaldia.com\/portada\/wp-json\/wp\/v2\/comments?post=84598"}],"version-history":[{"count":1,"href":"https:\/\/pldaldia.com\/portada\/wp-json\/wp\/v2\/posts\/84598\/revisions"}],"predecessor-version":[{"id":84599,"href":"https:\/\/pldaldia.com\/portada\/wp-json\/wp\/v2\/posts\/84598\/revisions\/84599"}],"wp:featuredmedia":[{"embeddable":true,"href":"https:\/\/pldaldia.com\/portada\/wp-json\/wp\/v2\/media\/65184"}],"wp:attachment":[{"href":"https:\/\/pldaldia.com\/portada\/wp-json\/wp\/v2\/media?parent=84598"}],"wp:term":[{"taxonomy":"category","embeddable":true,"href":"https:\/\/pldaldia.com\/portada\/wp-json\/wp\/v2\/categories?post=84598"},{"taxonomy":"post_tag","embeddable":true,"href":"https:\/\/pldaldia.com\/portada\/wp-json\/wp\/v2\/tags?post=84598"}],"curies":[{"name":"wp","href":"https:\/\/api.w.org\/{rel}","templated":true}]}}