{"id":84602,"date":"2025-12-11T01:28:11","date_gmt":"2025-12-11T05:28:11","guid":{"rendered":"https:\/\/pldaldia.com\/portada\/?p=84602"},"modified":"2025-12-11T01:28:11","modified_gmt":"2025-12-11T05:28:11","slug":"dia-internacional-de-las-montanas-4","status":"publish","type":"post","link":"https:\/\/pldaldia.com\/portada\/dia-internacional-de-las-montanas-4\/","title":{"rendered":"D\u00eda Internacional de las Monta\u00f1as"},"content":{"rendered":"<p>El 11 de diciembre se celebra el D\u00eda Internacional de las Monta\u00f1as, un ecosistema fr\u00e1gil que hay que proteger y que tiene cabida en los Objetivos de Desarrollo Sostenible para 2030, m\u00e1s concretamente en el Objetivo N\u00famero 15.<\/p>\n","protected":false},"excerpt":{"rendered":"<p>El 11 de diciembre se celebra el D\u00eda Internacional de las Monta\u00f1as, un ecosistema fr\u00e1gil que hay que proteger y que tiene cabida en los Objetivos de Desarrollo Sostenible para 2030, m\u00e1s concretamente en el Objetivo N\u00famero 15.<\/p>\n","protected":false},"author":1,"featured_media":84603,"comment_status":"open","ping_status":"open","sticky":false,"template":"","format":"standard","meta":{"tdm_status":"","tdm_grid_status":"","footnotes":""},"categories":[57],"tags":[],"_links":{"self":[{"href":"https:\/\/pldaldia.com\/portada\/wp-json\/wp\/v2\/posts\/84602"}],"collection":[{"href":"https:\/\/pldaldia.com\/portada\/wp-json\/wp\/v2\/posts"}],"about":[{"href":"https:\/\/pldaldia.com\/portada\/wp-json\/wp\/v2\/types\/post"}],"author":[{"embeddable":true,"href":"https:\/\/pldaldia.com\/portada\/wp-json\/wp\/v2\/users\/1"}],"replies":[{"embeddable":true,"href":"https:\/\/pldaldia.com\/portada\/wp-json\/wp\/v2\/comments?post=84602"}],"version-history":[{"count":1,"href":"https:\/\/pldaldia.com\/portada\/wp-json\/wp\/v2\/posts\/84602\/revisions"}],"predecessor-version":[{"id":84605,"href":"https:\/\/pldaldia.com\/portada\/wp-json\/wp\/v2\/posts\/84602\/revisions\/84605"}],"wp:featuredmedia":[{"embeddable":true,"href":"https:\/\/pldaldia.com\/portada\/wp-json\/wp\/v2\/media\/84603"}],"wp:attachment":[{"href":"https:\/\/pldaldia.com\/portada\/wp-json\/wp\/v2\/media?parent=84602"}],"wp:term":[{"taxonomy":"category","embeddable":true,"href":"https:\/\/pldaldia.com\/portada\/wp-json\/wp\/v2\/categories?post=84602"},{"taxonomy":"post_tag","embeddable":true,"href":"https:\/\/pldaldia.com\/portada\/wp-json\/wp\/v2\/tags?post=84602"}],"curies":[{"name":"wp","href":"https:\/\/api.w.org\/{rel}","templated":true}]}}