{"id":84612,"date":"2025-12-11T11:47:18","date_gmt":"2025-12-11T15:47:18","guid":{"rendered":"https:\/\/pldaldia.com\/portada\/?p=84612"},"modified":"2025-12-11T11:47:18","modified_gmt":"2025-12-11T15:47:18","slug":"asamblea-nacional-evaluativa-del-pld","status":"publish","type":"post","link":"https:\/\/pldaldia.com\/portada\/asamblea-nacional-evaluativa-del-pld\/","title":{"rendered":"Asamblea Nacional Evaluativa del PLD"},"content":{"rendered":"<p>En asamblea nacional, el PLD har\u00e1 este s\u00e1bado una evaluaci\u00f3n de la implementaci\u00f3n de la L\u00ednea Organizativa y Electoral.<\/p>\n<p>El Partido de la Liberaci\u00f3n Dominicana (PLD) celebrar\u00e1 este s\u00e1bado, 13 de diciembre, una asamblea de dirigentes nacionales para evaluar la implementaci\u00f3n de la L\u00ednea Organizativa y Electoral (LOE), un mandato del X Congreso Ordinario Reinaldo Pared P\u00e9rez.<\/p>\n<p>Para este encuentro est\u00e1n siendo convocados los miembros del Comit\u00e9 Pol\u00edtico, que son supervisores de Enlaces, y Enlaces en provincias y Circunscripciones Electorales, los Enlaces en provincias, municipios, as\u00ed como los presidentes de Comit\u00e9s Provinciales y Municipales.<\/p>\n<p>Tambi\u00e9n est\u00e1n siendo convocados los subsecretarios en las Secretar\u00edas de Enlaces y Comunicaci\u00f3n Interna, Asuntos Electorales, Organizaci\u00f3n y Tecnolog\u00eda de la Informaci\u00f3n y Comunicaci\u00f3n.<\/p>\n<p>Es una asamblea interna, que contar\u00e1 con la presencia del Presidente de la organizaci\u00f3n, Danilo Medina, el Secretario General, Johnny Pujols y los integrantes de la Comisi\u00f3n de Implementaci\u00f3n de la L\u00ednea Organizativa y Electoral.<\/p>\n<p>Mediante circular se est\u00e1 convocando a una Asamblea Nacional Evaluativa de la L\u00ednea Organizativa y Electoral para las 10.00 horas de la ma\u00f1ana en el Sal\u00f3n Bienvenido Sandoval de la Casa Nacional Reinaldo Pared P\u00e9rez.<\/p>\n","protected":false},"excerpt":{"rendered":"<p>En asamblea nacional, el PLD har\u00e1 este s\u00e1bado una evaluaci\u00f3n de la implementaci\u00f3n de la L\u00ednea Organizativa y Electoral. El Partido de la Liberaci\u00f3n Dominicana (PLD) celebrar\u00e1 este s\u00e1bado, 13 de diciembre, una asamblea de dirigentes nacionales para evaluar la implementaci\u00f3n de la L\u00ednea Organizativa y Electoral (LOE), un mandato del X Congreso Ordinario Reinaldo [&hellip;]<\/p>\n","protected":false},"author":1,"featured_media":84613,"comment_status":"open","ping_status":"open","sticky":false,"template":"","format":"standard","meta":{"tdm_status":"","tdm_grid_status":"","footnotes":""},"categories":[9],"tags":[],"_links":{"self":[{"href":"https:\/\/pldaldia.com\/portada\/wp-json\/wp\/v2\/posts\/84612"}],"collection":[{"href":"https:\/\/pldaldia.com\/portada\/wp-json\/wp\/v2\/posts"}],"about":[{"href":"https:\/\/pldaldia.com\/portada\/wp-json\/wp\/v2\/types\/post"}],"author":[{"embeddable":true,"href":"https:\/\/pldaldia.com\/portada\/wp-json\/wp\/v2\/users\/1"}],"replies":[{"embeddable":true,"href":"https:\/\/pldaldia.com\/portada\/wp-json\/wp\/v2\/comments?post=84612"}],"version-history":[{"count":1,"href":"https:\/\/pldaldia.com\/portada\/wp-json\/wp\/v2\/posts\/84612\/revisions"}],"predecessor-version":[{"id":84614,"href":"https:\/\/pldaldia.com\/portada\/wp-json\/wp\/v2\/posts\/84612\/revisions\/84614"}],"wp:featuredmedia":[{"embeddable":true,"href":"https:\/\/pldaldia.com\/portada\/wp-json\/wp\/v2\/media\/84613"}],"wp:attachment":[{"href":"https:\/\/pldaldia.com\/portada\/wp-json\/wp\/v2\/media?parent=84612"}],"wp:term":[{"taxonomy":"category","embeddable":true,"href":"https:\/\/pldaldia.com\/portada\/wp-json\/wp\/v2\/categories?post=84612"},{"taxonomy":"post_tag","embeddable":true,"href":"https:\/\/pldaldia.com\/portada\/wp-json\/wp\/v2\/tags?post=84612"}],"curies":[{"name":"wp","href":"https:\/\/api.w.org\/{rel}","templated":true}]}}