{"id":84630,"date":"2025-12-11T18:43:31","date_gmt":"2025-12-11T22:43:31","guid":{"rendered":"https:\/\/pldaldia.com\/portada\/?p=84630"},"modified":"2025-12-12T17:17:52","modified_gmt":"2025-12-12T21:17:52","slug":"52-aniversario-de-la-fundacion-del-pld","status":"publish","type":"post","link":"https:\/\/pldaldia.com\/portada\/52-aniversario-de-la-fundacion-del-pld\/","title":{"rendered":"52 aniversario de la fundaci\u00f3n del PLD"},"content":{"rendered":"<p>Comisi\u00f3n de Celebraciones y Conmemoraciones<\/p>\n<p>Actividades de celebraci\u00f3n del 52 aniversario de la fundaci\u00f3n del PLD<\/p>\n<p>Lunes 15 Diciembre 2025<\/p>\n<p>\u25aa 8:00 a.m. Acto izamiento de las banderas nacional y del PLD Ofrenda Floral al Profesor Juan Bosch en su busto Ma\u00f1anita navide\u00f1a<\/p>\n<p>\u25aa 4:00 p.m. Presentaci\u00f3n de la Restauraci\u00f3n y Remozamiento de los murales<br \/>\nde la Casa Nacional<\/p>\n<p>Dejaremos al descubierto \u00e1rbol de limoncillo replantado en el lugar del viejo \u00e1rbol que cubri\u00f3 con su sombra la inspiraci\u00f3n de mujeres y hombres del pueblo dominicano, transformado en dirigentes pol\u00edticos<\/p>\n<p>Acto para develizar galer\u00eda con los Secretarios de Organizaci\u00f3n que ha tenido el Partido (Lugar Oficinas de la Secretar\u00eda de<br \/>\nOrganizaci\u00f3n)<\/p>\n<p>\u25aa 4:30p.m. Solemne acto de celebraci\u00f3n del 52 aniversario, con discursos, conferencia, audiovisuales y presentaci\u00f3n art\u00edstica.<\/p>\n","protected":false},"excerpt":{"rendered":"<p>Comisi\u00f3n de Celebraciones y Conmemoraciones Actividades de celebraci\u00f3n del 52 aniversario de la fundaci\u00f3n del PLD Lunes 15 Diciembre 2025 \u25aa 8:00 a.m. Acto izamiento de las banderas nacional y del PLD Ofrenda Floral al Profesor Juan Bosch en su busto Ma\u00f1anita navide\u00f1a \u25aa 4:00 p.m. Presentaci\u00f3n de la Restauraci\u00f3n y Remozamiento de los murales [&hellip;]<\/p>\n","protected":false},"author":1,"featured_media":84631,"comment_status":"open","ping_status":"open","sticky":false,"template":"","format":"standard","meta":{"tdm_status":"","tdm_grid_status":"","footnotes":""},"categories":[9],"tags":[],"_links":{"self":[{"href":"https:\/\/pldaldia.com\/portada\/wp-json\/wp\/v2\/posts\/84630"}],"collection":[{"href":"https:\/\/pldaldia.com\/portada\/wp-json\/wp\/v2\/posts"}],"about":[{"href":"https:\/\/pldaldia.com\/portada\/wp-json\/wp\/v2\/types\/post"}],"author":[{"embeddable":true,"href":"https:\/\/pldaldia.com\/portada\/wp-json\/wp\/v2\/users\/1"}],"replies":[{"embeddable":true,"href":"https:\/\/pldaldia.com\/portada\/wp-json\/wp\/v2\/comments?post=84630"}],"version-history":[{"count":2,"href":"https:\/\/pldaldia.com\/portada\/wp-json\/wp\/v2\/posts\/84630\/revisions"}],"predecessor-version":[{"id":84654,"href":"https:\/\/pldaldia.com\/portada\/wp-json\/wp\/v2\/posts\/84630\/revisions\/84654"}],"wp:featuredmedia":[{"embeddable":true,"href":"https:\/\/pldaldia.com\/portada\/wp-json\/wp\/v2\/media\/84631"}],"wp:attachment":[{"href":"https:\/\/pldaldia.com\/portada\/wp-json\/wp\/v2\/media?parent=84630"}],"wp:term":[{"taxonomy":"category","embeddable":true,"href":"https:\/\/pldaldia.com\/portada\/wp-json\/wp\/v2\/categories?post=84630"},{"taxonomy":"post_tag","embeddable":true,"href":"https:\/\/pldaldia.com\/portada\/wp-json\/wp\/v2\/tags?post=84630"}],"curies":[{"name":"wp","href":"https:\/\/api.w.org\/{rel}","templated":true}]}}