{"id":84636,"date":"2025-12-12T11:24:50","date_gmt":"2025-12-12T15:24:50","guid":{"rendered":"https:\/\/pldaldia.com\/portada\/?p=84636"},"modified":"2025-12-12T11:24:50","modified_gmt":"2025-12-12T15:24:50","slug":"activa-participacion-en-pleno-de-dirigentes-del-magisterio","status":"publish","type":"post","link":"https:\/\/pldaldia.com\/portada\/activa-participacion-en-pleno-de-dirigentes-del-magisterio\/","title":{"rendered":"Activa participaci\u00f3n en Pleno de Dirigentes del magisterio"},"content":{"rendered":"<p>Maestros y maestras de la corriente Eugenio Mar\u00eda de Hostos participan de forma activa en Pleno de Dirigentes de la ADP.<\/p>\n<p>Maestros y maestras integrantes de la Corriente Magisterial Eugenio Mar\u00eda de Hostos participaron de forma activa en el Pleno Nacional de Dirigentes de la Asociaci\u00f3n Dominicana de Profesores (ADP), en la que convergen las diferentes corrientes que act\u00faan a lo interior del gremio.<\/p>\n<p>Radham\u00e9s Camacho, coordinador de la corriente orientada por el Partido de la Liberaci\u00f3n Dominicana (PLD), particip\u00f3 en el encuentro con los maestros y maestras dirigentes y miembros del Pleno con sustanciales recomendaciones y sugerencias.<\/p>\n<p><a href=\"http:\/\/vanguardiadelpueblo.do\/wp-content\/uploads\/2025\/12\/d5485ce0-2692-4d7b-b732-a2e802ded08c.jpg\"><img decoding=\"async\" loading=\"lazy\" class=\"alignright size-medium wp-image-232263\" src=\"http:\/\/vanguardiadelpueblo.do\/wp-content\/uploads\/2025\/12\/d5485ce0-2692-4d7b-b732-a2e802ded08c-480x315.jpg\" alt=\"\" width=\"480\" height=\"315\" \/><\/a>En la reuni\u00f3n se dieron a conocer importantes orientaciones de cara al compromiso de los dirigentes de la ADP con el bienestar del magisterio nacional.<\/p>\n<p>El Pleno Nacional de dirigentes de la ADP hizo una evaluaci\u00f3n del curso del a\u00f1o 2025, se abord\u00f3 el tema del presupuesto educativo, la evaluaci\u00f3n del desempe\u00f1o de los docentes y puntos pendientes con el Ministerio Educativo.<\/p>\n<p>En los Estatutos de la ADP se define el Pleno Nacional de dirigentes, como organismo de direcci\u00f3n eventual, de car\u00e1cter informativo y deliberativo, encargado de dar seguimiento a las pol\u00edticas sindicales trazadas por el Congreso Nacional del gremio y las del propio Pleno; integrado por los miembros del Comit\u00e9 Ejecutivo Nacional; los y las integrantes del Consejo Nacional de Comisarios y del Tribunal Nacional Disciplinario y los presidentes municipales y zonales.<\/p>\n","protected":false},"excerpt":{"rendered":"<p>Maestros y maestras de la corriente Eugenio Mar\u00eda de Hostos participan de forma activa en Pleno de Dirigentes de la ADP. Maestros y maestras integrantes de la Corriente Magisterial Eugenio Mar\u00eda de Hostos participaron de forma activa en el Pleno Nacional de Dirigentes de la Asociaci\u00f3n Dominicana de Profesores (ADP), en la que convergen las [&hellip;]<\/p>\n","protected":false},"author":1,"featured_media":84637,"comment_status":"open","ping_status":"open","sticky":false,"template":"","format":"standard","meta":{"tdm_status":"","tdm_grid_status":"","footnotes":""},"categories":[9],"tags":[],"_links":{"self":[{"href":"https:\/\/pldaldia.com\/portada\/wp-json\/wp\/v2\/posts\/84636"}],"collection":[{"href":"https:\/\/pldaldia.com\/portada\/wp-json\/wp\/v2\/posts"}],"about":[{"href":"https:\/\/pldaldia.com\/portada\/wp-json\/wp\/v2\/types\/post"}],"author":[{"embeddable":true,"href":"https:\/\/pldaldia.com\/portada\/wp-json\/wp\/v2\/users\/1"}],"replies":[{"embeddable":true,"href":"https:\/\/pldaldia.com\/portada\/wp-json\/wp\/v2\/comments?post=84636"}],"version-history":[{"count":1,"href":"https:\/\/pldaldia.com\/portada\/wp-json\/wp\/v2\/posts\/84636\/revisions"}],"predecessor-version":[{"id":84638,"href":"https:\/\/pldaldia.com\/portada\/wp-json\/wp\/v2\/posts\/84636\/revisions\/84638"}],"wp:featuredmedia":[{"embeddable":true,"href":"https:\/\/pldaldia.com\/portada\/wp-json\/wp\/v2\/media\/84637"}],"wp:attachment":[{"href":"https:\/\/pldaldia.com\/portada\/wp-json\/wp\/v2\/media?parent=84636"}],"wp:term":[{"taxonomy":"category","embeddable":true,"href":"https:\/\/pldaldia.com\/portada\/wp-json\/wp\/v2\/categories?post=84636"},{"taxonomy":"post_tag","embeddable":true,"href":"https:\/\/pldaldia.com\/portada\/wp-json\/wp\/v2\/tags?post=84636"}],"curies":[{"name":"wp","href":"https:\/\/api.w.org\/{rel}","templated":true}]}}