{"id":84639,"date":"2025-12-12T11:50:11","date_gmt":"2025-12-12T15:50:11","guid":{"rendered":"https:\/\/pldaldia.com\/portada\/?p=84639"},"modified":"2025-12-12T11:50:11","modified_gmt":"2025-12-12T15:50:11","slug":"luis-henriquez-vicesecretario-general-en-el-pld","status":"publish","type":"post","link":"https:\/\/pldaldia.com\/portada\/luis-henriquez-vicesecretario-general-en-el-pld\/","title":{"rendered":"Luis Henr\u00edquez, vicesecretario general en el PLD"},"content":{"rendered":"<p>Luis Henr\u00edquez es juramentado vicesecretario general del PLD por el Presidente de la organizaci\u00f3n, Danilo Medina.<\/p>\n<p>El exdiputado Luis Henr\u00edquez formaliz\u00f3 su integraci\u00f3n a la direcci\u00f3n del Partido de la Liberaci\u00f3n Dominicana (PLD) en su calidad de Vicesecretario General, luego de ser juramentado por el presidente de la organizaci\u00f3n, Danilo Medina, posterior a su designaci\u00f3n por el Comit\u00e9 Pol\u00edtico, a solicitud de la Secretaria General.<\/p>\n<p>Henr\u00edquez al tomar el juramento se comprometi\u00f3 a continuar fortaleciendo el trabajo pol\u00edtico y organizativo del PLD, aportando experiencia, disciplina y determinaci\u00f3n para cumplir las tareas que se les asignen.<\/p>\n<p>Luis Henr\u00edquez, es miembro del Comit\u00e9 Central con su \u00e1rea de trabajo en el municipio Santo Domingo Este, en dos per\u00edodos represent\u00f3 la provincia Santo Domingo en su calidad de diputado ante el Congreso Nacional, donde ocup\u00f3 la posici\u00f3n de vocero de la bancada Pelede\u00edsta.<\/p>\n<p>Al ser juramentado se le asignaron responsabilidades a cumplir desde la Secretar\u00eda General, estructura que se define como la principal instancia ejecutiva del Partido.<\/p>\n<p>La juramentaci\u00f3n de Henr\u00edquez se hizo en el sal\u00f3n Profesor Juan Bosch de la Oficina Presidencial del PLD en la zona universitaria.<\/p>\n","protected":false},"excerpt":{"rendered":"<p>Luis Henr\u00edquez es juramentado vicesecretario general del PLD por el Presidente de la organizaci\u00f3n, Danilo Medina. El exdiputado Luis Henr\u00edquez formaliz\u00f3 su integraci\u00f3n a la direcci\u00f3n del Partido de la Liberaci\u00f3n Dominicana (PLD) en su calidad de Vicesecretario General, luego de ser juramentado por el presidente de la organizaci\u00f3n, Danilo Medina, posterior a su designaci\u00f3n [&hellip;]<\/p>\n","protected":false},"author":1,"featured_media":84640,"comment_status":"open","ping_status":"open","sticky":false,"template":"","format":"standard","meta":{"tdm_status":"","tdm_grid_status":"","footnotes":""},"categories":[9],"tags":[],"_links":{"self":[{"href":"https:\/\/pldaldia.com\/portada\/wp-json\/wp\/v2\/posts\/84639"}],"collection":[{"href":"https:\/\/pldaldia.com\/portada\/wp-json\/wp\/v2\/posts"}],"about":[{"href":"https:\/\/pldaldia.com\/portada\/wp-json\/wp\/v2\/types\/post"}],"author":[{"embeddable":true,"href":"https:\/\/pldaldia.com\/portada\/wp-json\/wp\/v2\/users\/1"}],"replies":[{"embeddable":true,"href":"https:\/\/pldaldia.com\/portada\/wp-json\/wp\/v2\/comments?post=84639"}],"version-history":[{"count":1,"href":"https:\/\/pldaldia.com\/portada\/wp-json\/wp\/v2\/posts\/84639\/revisions"}],"predecessor-version":[{"id":84641,"href":"https:\/\/pldaldia.com\/portada\/wp-json\/wp\/v2\/posts\/84639\/revisions\/84641"}],"wp:featuredmedia":[{"embeddable":true,"href":"https:\/\/pldaldia.com\/portada\/wp-json\/wp\/v2\/media\/84640"}],"wp:attachment":[{"href":"https:\/\/pldaldia.com\/portada\/wp-json\/wp\/v2\/media?parent=84639"}],"wp:term":[{"taxonomy":"category","embeddable":true,"href":"https:\/\/pldaldia.com\/portada\/wp-json\/wp\/v2\/categories?post=84639"},{"taxonomy":"post_tag","embeddable":true,"href":"https:\/\/pldaldia.com\/portada\/wp-json\/wp\/v2\/tags?post=84639"}],"curies":[{"name":"wp","href":"https:\/\/api.w.org\/{rel}","templated":true}]}}