{"id":84655,"date":"2025-12-13T00:37:27","date_gmt":"2025-12-13T04:37:27","guid":{"rendered":"https:\/\/pldaldia.com\/portada\/?p=84655"},"modified":"2025-12-13T00:37:27","modified_gmt":"2025-12-13T04:37:27","slug":"en-el-52-aniversario-de-la-fundacion-del-pld","status":"publish","type":"post","link":"https:\/\/pldaldia.com\/portada\/en-el-52-aniversario-de-la-fundacion-del-pld\/","title":{"rendered":"En el 52 Aniversario de la Fundaci\u00f3n del PLD"},"content":{"rendered":"<p>Por: Luis Fern\u00e1ndez | Cuando el profesor Juan Bosch<br \/>\nacompa\u00f1ado de un reducido grupo de<br \/>\ndirigentes con un gran esp\u00edritu de lucha y<br \/>\namor por su pueblo, decidi\u00f3 un 15 de<br \/>\nDiciembre del a\u00f1o 1973, emprender la<br \/>\ntarea de crear, organizar y desarrollar un<br \/>\nnuevo partido politico de vanguardia, para<br \/>\ncompletar la obra de Juan Pablo Duarte y<br \/>\ndirigir la lucha de los partidarios de la<br \/>\nLiberaci\u00f3n Nacional del pueblo dominicano,<br \/>\nten\u00eda la firme idea de luchar y transformar<br \/>\nla realidad nacional, con gran<\/p>\n<p>sensibilizaci\u00f3n social y una especial atenci\u00f3n.<br \/>\nEn el PLD el maestro Juan Bosch despleg\u00f3 toda su capacidad pol\u00edtica ,<br \/>\nideol\u00f3gica y organizativa, constituyendo una organizaci\u00f3n militante a<br \/>\npartir de c\u00edrculos de estudios, disciplina y m\u00e9todos de trabajo, que se<br \/>\nlanz\u00f3 al trabajo pol\u00edtico mediante un grupo de militantes patriotas,<br \/>\npreparados en las lides pol\u00edticas a trav\u00e9s de estos c\u00edrculos y el<br \/>\naccionar pol\u00edtico constante en el seno de la poblaci\u00f3n.<br \/>\nEl aumento del desencanto, la falta de confianza y la frustraci\u00f3n del<br \/>\npueblo dominicano con organizaciones pol\u00edticas, que no defend\u00edan sus<br \/>\nintereses, como era el caso del PRD que como organizaci\u00f3n hab\u00eda<br \/>\ncumplido su misi\u00f3n hist\u00f3rica y se hab\u00eda convertido en un partido<br \/>\natrasado, incapaz de dirigir la lucha popular, alejado de sus<br \/>\ncompromisos por la justicia social, la independencia y el progreso de<br \/>\nlos dominicanos<br \/>\nEsta situaci\u00f3n provoc\u00f3 que en poco tiempo el PLD se transformara en<br \/>\nuna importante fuerza pol\u00edtica progresista, al servicio del pueblo<br \/>\ndominicano, tal como la necesitaba el pais, para enfrentar a sus<br \/>\nenemigos de siempre nacionales y extranjeros, logrando importantes<br \/>\nlogros estructurales e hist\u00f3ricos, como organizaci\u00f3n pol\u00edtica que<br \/>\ncontribuyeron al avance y desarrollo de la Rep\u00fablica Dominicana.<br \/>\nJuan Bosch concibi\u00f3 al PLD como una s\u00f3lida organizaci\u00f3n<br \/>\nrevolucionaria, con m\u00e9todos y planes de trabajo definidos, con un<br \/>\nejercicio pol\u00edtico honesto y responsable, sirviendo verdaderamente a<br \/>\nlos intereses del pueblo, con una m\u00edstica arraigada y una vocaci\u00f3n de<br \/>\nservicio basado en el trabajo colectivo, la unificaci\u00f3n de criterios y los<br \/>\nprincipios del centralismo democr\u00e1tico, dirigidos a lograr una patria<br \/>\nlibre, soberana e independiente, con respeto a la dignidad humana, la<br \/>\nigualdad y el bienestar general.<\/p>\n<p>En su libro El PLD, un Partido Nuevo en Am\u00e9rica, Juan Bosch se\u00f1al\u00f3<br \/>\nque la nueva organizaci\u00f3n pol\u00edtica era una muestra de desarrollo<br \/>\npol\u00edtico, lo que era evidente en el proceso que siguieron sus<br \/>\ndirigentes para organizar el partido, el cual estar\u00eda integrado por<br \/>\nl\u00edderes y no caudillos, afirmando que \u201cel caudillo es el que manda; el<br \/>\nl\u00edder es el que dirige. En un partido de organismos no puede haber<br \/>\ncaudillos ni mayores ni menores, porque en los organismos se toman<br \/>\ndecisiones por votaci\u00f3n, no por imposici\u00f3n de una persona\u201d.<br \/>\nEn la mencionada obra Juan Bosch analiza con profundidad sus ideas<br \/>\npara la construcci\u00f3n y desarrollo del PLD, como partido de vanguardia<br \/>\nen la lucha por la liberaci\u00f3n nacional, adem\u00e1s sobre los m\u00e9todos de<br \/>\ntrabajo y su base te\u00f3rica, la participaci\u00f3n electoral y las alianzas<br \/>\nentre partidos, el programa y la t\u00e1ctica, el peligro del contagio con el<br \/>\npopulismo y establece de manera clara la importancia de la dial\u00e9ctica<br \/>\nmaterialista como m\u00e9todo de investigaci\u00f3n, que permite analizar la<br \/>\nlucha de los contrarios en un determinado proceso de la lucha pol\u00edtica<br \/>\ny social.<br \/>\nLos conceptos del Maestro, fundador y l\u00edder hist\u00f3rico del PLD y la<br \/>\nlucha revolucionaria estaban muy bien definidos, plante\u00f3 siempre que<br \/>\nel trabajo del PLD deb\u00eda caracterizarse en todos los momentos por<br \/>\nuna pr\u00e1ctica de servicio, una gran responsabilidad y un enorme<br \/>\ncompromiso con su pueblo, por lo que los militantes deb\u00edan tener una<br \/>\ngran formaci\u00f3n pol\u00edtica e ideol\u00f3gica, que no permitiera que los<br \/>\nmismos fueran enga\u00f1ados por los enemigos del pueblo.<br \/>\nAl arribar a su 52 aniversario el PLD debe de estar orgulloso de su<br \/>\nhoja de servicio al pais, no solo por la construcci\u00f3n y desarrollo de un<br \/>\nfuerte y verdadero partido politico, sino por los logros de sus 20 a\u00f1os<br \/>\nde gobierno en beneficio del pais, donde devolvi\u00f3 estabilidad y<br \/>\nesperanza a una poblaci\u00f3n que necesitaba un gobierno que se<br \/>\npreocupara por sus intereses y por mejorar sus condiciones de vida.<br \/>\nEn los gobiernos del PLD fue donde se hizo realidad el 4% para la<br \/>\neducaci\u00f3n, la tanda extendida, el transporte moderno y digno del<br \/>\npueblo con el metro y el telef\u00e9rico, se transform\u00f3 la salud p\u00fablica con<br \/>\nmejores accesos a los servicios y decenas de hospitales renovados,<br \/>\nprogramas sociales con apoyo directo a las familias m\u00e1s vulnerables y<br \/>\nnecesitadas, las visitas sorpresas, se convirti\u00f3 en realidad el sue\u00f1o de<br \/>\nmuchos dominicanos de obtener su primera casa, con innumerables<br \/>\nproyectos de vivienda.<br \/>\nSe moderniz\u00f3 el Estado con medios digitales y se garantiz\u00f3 la<br \/>\nestabilidad pol\u00edtica y la paz social, defendiendo la democracia, la<br \/>\ninstitucionalidad y el respeto entre los dominicanos, durante estos<br \/>\nperiodos de gobiernos del PLD, el pais se convirti\u00f3 en un destino<br \/>\natractivo para invertir y visitar, con un gran aumento de la inversi\u00f3n<\/p>\n<p>extranjera y el turismo, convirtiendo la Rep\u00fablica Dominicana en un<br \/>\nreferente regional.<br \/>\nHoy en d\u00eda al llegar a este 52 aniversario de la fundaci\u00f3n del PLD,<br \/>\ndebemos rechazar con todas nuestras fuerzas, las pr\u00e1cticas pol\u00edticas a<br \/>\nque siempre se opuso Juan Bosch, ausencia de formaci\u00f3n pol\u00edtica,<br \/>\ncorrupci\u00f3n, falta de disciplina y clientelismo, abrazando la \u00e9tica, el<br \/>\ntrabajo, el servicio al pueblo y las ideas de transformar esta sociedad,<br \/>\nsobre las bases del pensamiento de Juan Bosch.<br \/>\nEn sus 52 a\u00f1os el PLD ha demostrado que es una organizaci\u00f3n<br \/>\npol\u00edtica con la cual puede contar el pueblo dominicano, que siempre<br \/>\nha tenido como prioridad el bien com\u00fan, la institucionalidad y el<br \/>\nliderazgo colectivo, con una activa militancia, lo que lo hace la<br \/>\noposici\u00f3n mejor estructurada y preparada, para desplazar del poder<br \/>\nal falso cambio del PRM, retomando el sendero de paz y progreso<br \/>\nvivido en sus periodos de gobierno.<br \/>\nA pesar de todos los planes que se han creado en estos 52 a\u00f1os, para<br \/>\ndesarticular, desprestigiar y destruir al Partido de la Liberaci\u00f3n<br \/>\nDominicana PLD, la organizaci\u00f3n ha seguido avanzando en su<br \/>\nprograma de transformaci\u00f3n, reorganizaci\u00f3n y fortalecimiento, que tal<br \/>\ncomo lo han se\u00f1alado sus dirigentes no se apartar\u00e1 bajo ninguna<br \/>\ncircunstancia, de esta agenda que ha sido programada por su alta<br \/>\ndirecci\u00f3n.<br \/>\nEl PLD la principal fuerza pol\u00edtica de oposici\u00f3n celebra este 15 de<br \/>\ndiciembre su 52 aniversario, un partido que ha sabido levantarse,<br \/>\nluchar y defender con firmeza, las causas justas de la naci\u00f3n y los<br \/>\nvalores Boschistas, que alegr\u00eda que existe el Partido morado de la<br \/>\nestrella amarilla, larga vida y adelante siempre adelante, defendiendo<br \/>\nlos intereses del pueblo dominicano.<\/p>\n","protected":false},"excerpt":{"rendered":"<p>Por: Luis Fern\u00e1ndez | Cuando el profesor Juan Bosch acompa\u00f1ado de un reducido grupo de dirigentes con un gran esp\u00edritu de lucha y amor por su pueblo, decidi\u00f3 un 15 de Diciembre del a\u00f1o 1973, emprender la tarea de crear, organizar y desarrollar un nuevo partido politico de vanguardia, para completar la obra de Juan [&hellip;]<\/p>\n","protected":false},"author":1,"featured_media":65184,"comment_status":"open","ping_status":"open","sticky":false,"template":"","format":"standard","meta":{"tdm_status":"","tdm_grid_status":"","footnotes":""},"categories":[53],"tags":[],"_links":{"self":[{"href":"https:\/\/pldaldia.com\/portada\/wp-json\/wp\/v2\/posts\/84655"}],"collection":[{"href":"https:\/\/pldaldia.com\/portada\/wp-json\/wp\/v2\/posts"}],"about":[{"href":"https:\/\/pldaldia.com\/portada\/wp-json\/wp\/v2\/types\/post"}],"author":[{"embeddable":true,"href":"https:\/\/pldaldia.com\/portada\/wp-json\/wp\/v2\/users\/1"}],"replies":[{"embeddable":true,"href":"https:\/\/pldaldia.com\/portada\/wp-json\/wp\/v2\/comments?post=84655"}],"version-history":[{"count":1,"href":"https:\/\/pldaldia.com\/portada\/wp-json\/wp\/v2\/posts\/84655\/revisions"}],"predecessor-version":[{"id":84656,"href":"https:\/\/pldaldia.com\/portada\/wp-json\/wp\/v2\/posts\/84655\/revisions\/84656"}],"wp:featuredmedia":[{"embeddable":true,"href":"https:\/\/pldaldia.com\/portada\/wp-json\/wp\/v2\/media\/65184"}],"wp:attachment":[{"href":"https:\/\/pldaldia.com\/portada\/wp-json\/wp\/v2\/media?parent=84655"}],"wp:term":[{"taxonomy":"category","embeddable":true,"href":"https:\/\/pldaldia.com\/portada\/wp-json\/wp\/v2\/categories?post=84655"},{"taxonomy":"post_tag","embeddable":true,"href":"https:\/\/pldaldia.com\/portada\/wp-json\/wp\/v2\/tags?post=84655"}],"curies":[{"name":"wp","href":"https:\/\/api.w.org\/{rel}","templated":true}]}}