{"id":84664,"date":"2025-12-13T00:40:04","date_gmt":"2025-12-13T04:40:04","guid":{"rendered":"https:\/\/pldaldia.com\/portada\/?p=84664"},"modified":"2025-12-13T00:40:04","modified_gmt":"2025-12-13T04:40:04","slug":"baja-el-telon-de-la-campana-y-comienza-silencio-electoral-en-chile","status":"publish","type":"post","link":"https:\/\/pldaldia.com\/portada\/baja-el-telon-de-la-campana-y-comienza-silencio-electoral-en-chile\/","title":{"rendered":"Baja el tel\u00f3n de la campa\u00f1a y comienza silencio electoral en Chile"},"content":{"rendered":"<p>El silencio electoral rige desde hoy en Chile, tras los cierres de campa\u00f1a de los candidatos presidenciales Jeannette Jara, de la izquierda y el progresismo, y Jos\u00e9 Antonio Kast, del ultraderechista Partido Republicano.<\/p>\n<p>Jara hizo el acto de clausura ante una plaza repleta en la norte\u00f1a ciudad de Coquimbo, donde insisti\u00f3 en su promesa de un ingreso vital para los trabajadores de 750 mil pesos (800 d\u00f3lares) mensuales y una mejor redistribuci\u00f3n de la riqueza.<\/p>\n<p>Su rival, Jos\u00e9 Antonio Kast cerr\u00f3 la campa\u00f1a con un acto en la plaza An\u00edbal Pinto de Temuco, donde reiter\u00f3 el eje de su programa, la seguridad y el orden, y prometi\u00f3 hacer de La Araucan\u00eda una regi\u00f3n pr\u00f3spera.<\/p>\n<p>Noti resumen internacional<\/p>\n<p>Rusia no alberga planes agresivos contra los miembros de la Uni\u00f3n Europea (UE) y de la Organizaci\u00f3n del Tratado del Atl\u00e1ntico Norte (OTAN), y puede fijar jur\u00eddicamente esas garant\u00edas, dijo hoy el canciller, Sergu\u00e9i Lavrov.<\/p>\n<p>\u2026\u2026\u2026\u2026..<\/p>\n<p>El Gobierno de Venezuela demand\u00f3 a la Organizaci\u00f3n Mar\u00edtima Internacional (OMI) activar todos los canales y mecanismos internacionales que garanticen la libertad de navegaci\u00f3n y de comercio mar\u00edtimo.<\/p>\n<p>\u2026\u2026\u2026\u2026\u2026<\/p>\n<p>El primer ministro de India, Narendra Modi, y el presidente de Estados Unidos, Donald Trump, dialogaron sobre el fortalecimiento de los nexos bilaterales, una conversaci\u00f3n c\u00e1lida y amena, seg\u00fan el jefe de Gobierno de India<\/p>\n<p>\u2026\u2026\u2026\u2026..<\/p>\n<p>El presidente brasile\u00f1o, Luiz In\u00e1cio Lula da Silva, confirm\u00f3 hoy que sostuvo un di\u00e1logo tenso con su hom\u00f3logo estadounidense, Donald Trump, durante una llamada telef\u00f3nica, al expresar su rechazo a una posible escalada militar en Am\u00e9rica Latina.<\/p>\n","protected":false},"excerpt":{"rendered":"<p>El silencio electoral rige desde hoy en Chile, tras los cierres de campa\u00f1a de los candidatos presidenciales Jeannette Jara, de la izquierda y el progresismo, y Jos\u00e9 Antonio Kast, del ultraderechista Partido Republicano. Jara hizo el acto de clausura ante una plaza repleta en la norte\u00f1a ciudad de Coquimbo, donde insisti\u00f3 en su promesa de [&hellip;]<\/p>\n","protected":false},"author":1,"featured_media":84661,"comment_status":"open","ping_status":"open","sticky":false,"template":"","format":"standard","meta":{"tdm_status":"","tdm_grid_status":"","footnotes":""},"categories":[51],"tags":[],"_links":{"self":[{"href":"https:\/\/pldaldia.com\/portada\/wp-json\/wp\/v2\/posts\/84664"}],"collection":[{"href":"https:\/\/pldaldia.com\/portada\/wp-json\/wp\/v2\/posts"}],"about":[{"href":"https:\/\/pldaldia.com\/portada\/wp-json\/wp\/v2\/types\/post"}],"author":[{"embeddable":true,"href":"https:\/\/pldaldia.com\/portada\/wp-json\/wp\/v2\/users\/1"}],"replies":[{"embeddable":true,"href":"https:\/\/pldaldia.com\/portada\/wp-json\/wp\/v2\/comments?post=84664"}],"version-history":[{"count":1,"href":"https:\/\/pldaldia.com\/portada\/wp-json\/wp\/v2\/posts\/84664\/revisions"}],"predecessor-version":[{"id":84665,"href":"https:\/\/pldaldia.com\/portada\/wp-json\/wp\/v2\/posts\/84664\/revisions\/84665"}],"wp:featuredmedia":[{"embeddable":true,"href":"https:\/\/pldaldia.com\/portada\/wp-json\/wp\/v2\/media\/84661"}],"wp:attachment":[{"href":"https:\/\/pldaldia.com\/portada\/wp-json\/wp\/v2\/media?parent=84664"}],"wp:term":[{"taxonomy":"category","embeddable":true,"href":"https:\/\/pldaldia.com\/portada\/wp-json\/wp\/v2\/categories?post=84664"},{"taxonomy":"post_tag","embeddable":true,"href":"https:\/\/pldaldia.com\/portada\/wp-json\/wp\/v2\/tags?post=84664"}],"curies":[{"name":"wp","href":"https:\/\/api.w.org\/{rel}","templated":true}]}}