{"id":84671,"date":"2025-12-13T00:48:06","date_gmt":"2025-12-13T04:48:06","guid":{"rendered":"https:\/\/pldaldia.com\/portada\/?p=84671"},"modified":"2025-12-13T00:48:06","modified_gmt":"2025-12-13T04:48:06","slug":"exportar-e-importar-sin-flete-aereo-ni-maritimo","status":"publish","type":"post","link":"https:\/\/pldaldia.com\/portada\/exportar-e-importar-sin-flete-aereo-ni-maritimo\/","title":{"rendered":"EXPORTAR e IMPORTAR SIN FLETE AEREO NI MARITIMO"},"content":{"rendered":"<p>Por: Pablo del Rosario | Como pa\u00eds insular, podr\u00eda pensarse que en materia de exportaciones e importaciones estamos limitados a los medios de transporte tradicionales. Sin embargo, la realidad es diferente; esto as\u00ed, porque circunstancias muy especiales como: es el hecho de compartir el territorio con otra naci\u00f3n, y, por otro lado, ser la parte de la isla por donde inicio la civilizaci\u00f3n del Continente Americano, nos convierte en el lugar primigenio del Nuevo Mundo.<\/p>\n<p>La primera, permite hacerlas por la v\u00eda terrestre. En lo relativo a la segunda circunstancia, podemos decir que est\u00e1 avalada porque los monumentos y ruinas que existen en nuestro pa\u00eds datan del Siglo XVI en adelante, veamos: (Catedral Primada de Am\u00e9rica, Universidad Santo Tomas de Aquino, Hospital Padre Billini, Fortaleza Ozama, Alc\u00e1zar de Colon, calle Las Damas y otras evidencias materiales y documentales que ser\u00eda prolijo enumerarlas).<br \/>\nEn ambos temas, se verifica la posibilidad del pa\u00eds para exportar e importar sin incurrir en gastos de flete a\u00e9reo o mar\u00edtimo.<br \/>\nEn el primer caso, como nos separa de la naci\u00f3n con la que compartimos el territorio, una frontera terrestre, que dada su extensi\u00f3n (aproximadamente 380 kil\u00f3metros) y porosidad, amerita un estricto y efectivo control aduanal, para el cobro de los impuestos y tasas que gravan la actividad.<br \/>\nLo referente a la circunstancia de ocupar la parte de la isla considerada cuna y punto de partida de la civilizaci\u00f3n arriba indicada, nos aporta el \u201catractivo tur\u00edstico\u201d que poseemos.<\/p>\n<p>Es preciso se\u00f1alar que, todo lo que gastan los turistas en nuestro pa\u00eds, puede considerarse como ingresos provenientes de una exportaci\u00f3n local; es decir, sin costo de flete a\u00e9reo ni mar\u00edtimo. Debido a que estos pagan sus pasajes para visitarnos, y vivir la experiencia de conocer y palpar nuestro ancestro hist\u00f3rico y cultural, disfrutar la hospitalidad que nos caracteriza, saborear los platos cl\u00e1sicos de la gastronom\u00eda dominicana, y muchas otras cosas.<br \/>\nPor todo lo antes expuesto, se requiere fortalecer la labor de cobrar los impuestos y tasas aduanales, y adem\u00e1s promover la conexi\u00f3n comercial directa del sector agropecuario con la hoteler\u00eda de nuestros polos tur\u00edstico. Esperemos.<br \/>\nHasta luego\u2026<\/p>\n","protected":false},"excerpt":{"rendered":"<p>Por: Pablo del Rosario | Como pa\u00eds insular, podr\u00eda pensarse que en materia de exportaciones e importaciones estamos limitados a los medios de transporte tradicionales. Sin embargo, la realidad es diferente; esto as\u00ed, porque circunstancias muy especiales como: es el hecho de compartir el territorio con otra naci\u00f3n, y, por otro lado, ser la parte [&hellip;]<\/p>\n","protected":false},"author":1,"featured_media":47044,"comment_status":"open","ping_status":"open","sticky":false,"template":"","format":"standard","meta":{"tdm_status":"","tdm_grid_status":"","footnotes":""},"categories":[53],"tags":[],"_links":{"self":[{"href":"https:\/\/pldaldia.com\/portada\/wp-json\/wp\/v2\/posts\/84671"}],"collection":[{"href":"https:\/\/pldaldia.com\/portada\/wp-json\/wp\/v2\/posts"}],"about":[{"href":"https:\/\/pldaldia.com\/portada\/wp-json\/wp\/v2\/types\/post"}],"author":[{"embeddable":true,"href":"https:\/\/pldaldia.com\/portada\/wp-json\/wp\/v2\/users\/1"}],"replies":[{"embeddable":true,"href":"https:\/\/pldaldia.com\/portada\/wp-json\/wp\/v2\/comments?post=84671"}],"version-history":[{"count":1,"href":"https:\/\/pldaldia.com\/portada\/wp-json\/wp\/v2\/posts\/84671\/revisions"}],"predecessor-version":[{"id":84672,"href":"https:\/\/pldaldia.com\/portada\/wp-json\/wp\/v2\/posts\/84671\/revisions\/84672"}],"wp:featuredmedia":[{"embeddable":true,"href":"https:\/\/pldaldia.com\/portada\/wp-json\/wp\/v2\/media\/47044"}],"wp:attachment":[{"href":"https:\/\/pldaldia.com\/portada\/wp-json\/wp\/v2\/media?parent=84671"}],"wp:term":[{"taxonomy":"category","embeddable":true,"href":"https:\/\/pldaldia.com\/portada\/wp-json\/wp\/v2\/categories?post=84671"},{"taxonomy":"post_tag","embeddable":true,"href":"https:\/\/pldaldia.com\/portada\/wp-json\/wp\/v2\/tags?post=84671"}],"curies":[{"name":"wp","href":"https:\/\/api.w.org\/{rel}","templated":true}]}}