{"id":84673,"date":"2025-12-13T00:48:54","date_gmt":"2025-12-13T04:48:54","guid":{"rendered":"https:\/\/pldaldia.com\/portada\/?p=84673"},"modified":"2025-12-13T00:48:54","modified_gmt":"2025-12-13T04:48:54","slug":"que-manera-de-celebrar-dia-internacional-de-la-cobertura-sanitaria","status":"publish","type":"post","link":"https:\/\/pldaldia.com\/portada\/que-manera-de-celebrar-dia-internacional-de-la-cobertura-sanitaria\/","title":{"rendered":"Qu\u00e9 manera de celebrar D\u00eda Internacional de la Cobertura Sanitaria"},"content":{"rendered":"<p>Por: H\u00e9ctor Olivo | El viernes 12 de diciembre en el Palacio de Justicia de Ciudad Nueva en la capital dominicana se conoc\u00eda la medida de coerci\u00f3n en el caso SeNaSa, el Seguro Nacional de Salud, cuyo funcionamiento ha sido afectado por la operaci\u00f3n de corrupci\u00f3n m\u00e1s grave presentada hasta ahora por las autoridades, seg\u00fan lo expres\u00f3 el Ministerio P\u00fablico, que ha presentado la acusaci\u00f3n a los implicados.<\/p>\n<p>Justo ese d\u00eda se celebra el D\u00eda Internacional de la Cobertura Sanitaria Universal, proclamado por la ONU en 2017.<\/p>\n<p>En diciembre del a\u00f1o 2012 la Asamblea General de las Naciones Unidas hab\u00eda aprobado una resoluci\u00f3n para incentivar a los pa\u00edses a tomar medidas orientadas a avanzar hacia la cobertura sanitaria universal, un panorama en el que todas las personas deber\u00edan tener acceso a una sanidad de calidad y asequible.<\/p>\n<p>Esa determinaci\u00f3n de la ONU en Rep\u00fablica Dominicana ha sido truncada por una operaci\u00f3n fraudulenta que ha estremecido e indignado a la sociedad, impactada por el ruidoso esc\u00e1ndalo.<\/p>\n<p>El mismo D\u00eda Internacional de la Cobertura Sanitaria Universal, era interrogado el ex director de SeNaSa, un m\u00e9dico de profesi\u00f3n, que renunci\u00f3 al juramento hipocr\u00e1tico para convertirse, seg\u00fan la acusaci\u00f3n, en la cabeza de una presunta estructura criminal que oper\u00f3 en el seguro estatal de salud para desviar fondos p\u00fablicos, manipular procesos internos y beneficiar econ\u00f3micamente a funcionarios y allegados.<\/p>\n<p>Los recuerdos en los medios de comunicaci\u00f3n y las denominadas redes sociales presentan, al hoy imputado, censurando los actos de corrupci\u00f3n y a su hija con alto parlante en mano vociferando en la Plaza de Bandera con toda clase de improperios contra el gobierno al que se opon\u00edan, para hoy tener que esconder la cabeza ante el bochornoso esc\u00e1ndalo.<\/p>\n<p>El fraude denunciado afecta la seguridad humana, la dignidad de miles de personas; en materia de salud el impacto es profundo con un da\u00f1o dif\u00edcil de reparar e imposible de compensar.<\/p>\n<p>Durante cinco a\u00f1os se sostuvo una estructura mafiosa que comprometi\u00f3 la salud y tranquilidad de miles de personas a los que se les limit\u00f3 el acceso al m\u00e9dico y a las medicinas.<\/p>\n<p>Ha sido un golpe demoledor para el Gobierno que cuando surgi\u00f3 la denuncia, pretendieron acusar a la oposici\u00f3n pol\u00edtica de inventar sobre el tema.<\/p>\n<p>Ha sido tan contundente el tablazo que llev\u00f3 al presidente de la Rep\u00fablica a suspender su vitrina semanal y darle un giro hacia la far\u00e1ndula, anunciando el reinicio de un taquillero festival musical de corte internacional.<\/p>\n<p>Las expectativas ante este caso recaen en una expresi\u00f3n que el rumor se la atribuye al ex director del SeNaSa al decir que \u201cNo se ir\u00eda solo\u201d<\/p>\n","protected":false},"excerpt":{"rendered":"<p>Por: H\u00e9ctor Olivo | El viernes 12 de diciembre en el Palacio de Justicia de Ciudad Nueva en la capital dominicana se conoc\u00eda la medida de coerci\u00f3n en el caso SeNaSa, el Seguro Nacional de Salud, cuyo funcionamiento ha sido afectado por la operaci\u00f3n de corrupci\u00f3n m\u00e1s grave presentada hasta ahora por las autoridades, seg\u00fan [&hellip;]<\/p>\n","protected":false},"author":1,"featured_media":65375,"comment_status":"open","ping_status":"open","sticky":false,"template":"","format":"standard","meta":{"tdm_status":"","tdm_grid_status":"","footnotes":""},"categories":[53],"tags":[],"_links":{"self":[{"href":"https:\/\/pldaldia.com\/portada\/wp-json\/wp\/v2\/posts\/84673"}],"collection":[{"href":"https:\/\/pldaldia.com\/portada\/wp-json\/wp\/v2\/posts"}],"about":[{"href":"https:\/\/pldaldia.com\/portada\/wp-json\/wp\/v2\/types\/post"}],"author":[{"embeddable":true,"href":"https:\/\/pldaldia.com\/portada\/wp-json\/wp\/v2\/users\/1"}],"replies":[{"embeddable":true,"href":"https:\/\/pldaldia.com\/portada\/wp-json\/wp\/v2\/comments?post=84673"}],"version-history":[{"count":1,"href":"https:\/\/pldaldia.com\/portada\/wp-json\/wp\/v2\/posts\/84673\/revisions"}],"predecessor-version":[{"id":84674,"href":"https:\/\/pldaldia.com\/portada\/wp-json\/wp\/v2\/posts\/84673\/revisions\/84674"}],"wp:featuredmedia":[{"embeddable":true,"href":"https:\/\/pldaldia.com\/portada\/wp-json\/wp\/v2\/media\/65375"}],"wp:attachment":[{"href":"https:\/\/pldaldia.com\/portada\/wp-json\/wp\/v2\/media?parent=84673"}],"wp:term":[{"taxonomy":"category","embeddable":true,"href":"https:\/\/pldaldia.com\/portada\/wp-json\/wp\/v2\/categories?post=84673"},{"taxonomy":"post_tag","embeddable":true,"href":"https:\/\/pldaldia.com\/portada\/wp-json\/wp\/v2\/tags?post=84673"}],"curies":[{"name":"wp","href":"https:\/\/api.w.org\/{rel}","templated":true}]}}