{"id":84677,"date":"2025-12-13T15:20:58","date_gmt":"2025-12-13T19:20:58","guid":{"rendered":"https:\/\/pldaldia.com\/portada\/?p=84677"},"modified":"2025-12-13T22:41:38","modified_gmt":"2025-12-14T02:41:38","slug":"motivacion-a-seguir-abriendo-las-puertas-del-pld-a-los-jovenes","status":"publish","type":"post","link":"https:\/\/pldaldia.com\/portada\/motivacion-a-seguir-abriendo-las-puertas-del-pld-a-los-jovenes\/","title":{"rendered":"Motivaci\u00f3n a seguir abriendo las puertas del PLD a los j\u00f3venes | Video"},"content":{"rendered":"<p>Danilo Medina, Presidente del PLD, reitera que en esa organizaci\u00f3n y su dirigencia, est\u00e1 la esperanza de redenci\u00f3n del pueblo dominicano<\/p>\n<p>Cuando concluyan las diferentes etapas de la nueva L\u00ednea Organizativa y Electoral en los meses venideros, el Partido de la Liberaci\u00f3n Dominicana (PLD) tendr\u00e1 una estructura org\u00e1nica preparada para ganar indiscutiblemente las pr\u00f3ximas elecciones.<\/p>\n<p><a href=\"http:\/\/vanguardiadelpueblo.do\/wp-content\/uploads\/2025\/12\/WhatsApp-Image-2025-12-13-at-3.16.22-PM-1.jpeg\"><img decoding=\"async\" loading=\"lazy\" class=\"alignright size-medium wp-image-232343\" src=\"http:\/\/vanguardiadelpueblo.do\/wp-content\/uploads\/2025\/12\/WhatsApp-Image-2025-12-13-at-3.16.22-PM-1-458x320.jpeg\" alt=\"\" width=\"458\" height=\"320\" \/><\/a>La afirmaci\u00f3n es del ex presidente de la Rep\u00fablica, Danilo Medina, en las palabras que pronunci\u00f3 para cerrar la asamblea de evaluaci\u00f3n de la implementaci\u00f3n de la L\u00ednea Organizativa y Electoral realizada la ma\u00f1ana de este s\u00e1bado en la Casa Nacional Reinaldo Pared P\u00e9rez del PLD.<\/p>\n<p>Explic\u00f3 que enlazar pol\u00edticamente los organismos del PLD se requiere dominar la \u201ccarpinter\u00eda pol\u00edtica\u201d, dominio que se obtiene con la experiencia y la visi\u00f3n realista del dirigente.<\/p>\n<p><a href=\"http:\/\/vanguardiadelpueblo.do\/wp-content\/uploads\/2025\/12\/WhatsApp-Image-2025-12-13-at-3.16.22-PM.jpeg\"><img decoding=\"async\" loading=\"lazy\" class=\"size-medium wp-image-232344 alignleft\" src=\"http:\/\/vanguardiadelpueblo.do\/wp-content\/uploads\/2025\/12\/WhatsApp-Image-2025-12-13-at-3.16.22-PM-480x270.jpeg\" alt=\"\" width=\"480\" height=\"270\" \/><\/a>Medina defini\u00f3 a los enlaces como los constructores del nuevo Partido de la Liberaci\u00f3n Dominicana que surgir\u00e1 de la implementaci\u00f3n de la L\u00ednea Organizativa y Electoral, dictada en el X congreso Ordinario Reinaldo Pared P\u00e9rez.<\/p>\n<p>Exhort\u00f3 a los presentes a doblar el trabajo organizativo porque \u201cno le podemos fallar al Partido, porque ser\u00eda fallarle al pa\u00eds. En nosotros est\u00e1 la esperanza de redenci\u00f3n del pueblo dominicano\u201d, dijo Danilo Medina.<\/p>\n<p><a href=\"http:\/\/vanguardiadelpueblo.do\/wp-content\/uploads\/2025\/12\/WhatsApp-Image-2025-12-13-at-3.16.23-PM-1.jpeg\"><img decoding=\"async\" loading=\"lazy\" class=\"alignright size-medium wp-image-232341\" src=\"http:\/\/vanguardiadelpueblo.do\/wp-content\/uploads\/2025\/12\/WhatsApp-Image-2025-12-13-at-3.16.23-PM-1-480x248.jpeg\" alt=\"\" width=\"480\" height=\"248\" \/><\/a>En sus palabras el Presidente del PLD exhort\u00f3 a motivar a los j\u00f3venes a integrarse de manera directa en el trabajo pol\u00edtico, destacando el amplio nivel de simpat\u00edas hacia el PLD de la juventud.<\/p>\n<p>La actividad realizada por el PLD se trat\u00f3 de una asamblea de dirigentes nacionales en la que se hizo una evaluaci\u00f3n de la implementaci\u00f3n de la L\u00ednea Organizativa y Electoral (LOE), con las exposiciones realizadas por Mayobanex Escoto, Secretario de Organizaci\u00f3n, Danilo D\u00edaz, de Asuntos Electorales, Domingo Jim\u00e9nez Reyes, de Tecnolog\u00eda y Rub\u00e9n Bichara, de la Secretar\u00eda de Enlaces y Coordinador de la Comisi\u00f3n de la LOE<\/p>\n<p>La mesa de direcci\u00f3n del encuentro estuvo integrada por Danilo Medina, Presidente del PLD, Johnny Pujols, secretario general, los vicepresidentes Zoraima Cuello e Yv\u00e1n Lorenzo y los miembros de la Comisi\u00f3n Rub\u00e9n Bichara, Danilo D\u00edaz, Mayobanex Escoto, Domingo Jim\u00e9nez, Miriam Cabral, Alexis Lantigua y Emerson Vegazo , una nutrida representaci\u00f3n del Comit\u00e9 Pol\u00edtico, sobre todo los que realizan labor de enlazamiento y supervisi\u00f3n y la presidenta de la Provincia Santo Domingo, Cristina Lizardo.<\/p>\n<p><a href=\"http:\/\/vanguardiadelpueblo.do\/wp-content\/uploads\/2025\/12\/WhatsApp-Image-2025-12-13-at-3.16.23-PM-2.jpeg\"><img decoding=\"async\" loading=\"lazy\" class=\"size-medium wp-image-232340 alignleft\" src=\"http:\/\/vanguardiadelpueblo.do\/wp-content\/uploads\/2025\/12\/WhatsApp-Image-2025-12-13-at-3.16.23-PM-2-480x304.jpeg\" alt=\"\" width=\"480\" height=\"304\" \/><\/a>Participaron en la asamblea los miembros del Comit\u00e9 Pol\u00edtico, que son supervisores de Enlaces, y Enlaces en provincias y Circunscripciones Electorales, los Enlaces en provincias, municipios, as\u00ed como los presidentes de Comit\u00e9s Provinciales y Municipales., tambi\u00e9n los subsecretarios en las Secretar\u00edas de Enlaces y Comunicaci\u00f3n Interna, Asuntos Electorales, Organizaci\u00f3n y Tecnolog\u00eda de la Informaci\u00f3n y Comunicaci\u00f3n.<\/p>\n<p>La agenda de la actividad se desarroll\u00f3 con la introducci\u00f3n del moderador de la actividad, H\u00e9ctor Olivo, con las palabras de apertura a cargo de Mayobanex Escoto, la presentaci\u00f3n de los avances en la implementaci\u00f3n de la nueva l\u00ednea organizativa con Danilo D\u00edaz, Domingo Jim\u00e9nez traz\u00f3 las orientaciones del procesos en la Plataforma LOE, Rub\u00e9n Bichara con las motivaciones generales y el cierre con el Presidente del PLD, Danilo Medina.<\/p>\n<p>La entusiasta asamblea, con una asistencia que desbord\u00f3 las expectativas, estuvo cargada de alegr\u00eda y dinamismo que se manifestaba en las intervenciones de los participantes.<\/p>\n<p><a href=\"http:\/\/vanguardiadelpueblo.do\/wp-content\/uploads\/2025\/12\/WhatsApp-Image-2025-12-13-at-3.16.23-PM-3.jpeg\"><img decoding=\"async\" loading=\"lazy\" class=\"alignright size-medium wp-image-232339\" src=\"http:\/\/vanguardiadelpueblo.do\/wp-content\/uploads\/2025\/12\/WhatsApp-Image-2025-12-13-at-3.16.23-PM-3-480x305.jpeg\" alt=\"\" width=\"480\" height=\"305\" \/><\/a>Danilo Medina hizo el relato de experiencias vividas como activista nacional (los ahora enlaces) con el l\u00edder hist\u00f3rico del PLD, Profesor Juan Bosch, quien le encomend\u00f3 tareas que pudo cumplir a cabalidad.<\/p>\n<p>Cristina Lizardo, miembro del Comit\u00e9 Pol\u00edtico del PLD, en su rol de coordinadora de la Comisi\u00f3n de Celebraciones y Conmemoraciones, aprovech\u00f3 para anunciar las actividades que tiene programada la organizaci\u00f3n para el lunes 15 de diciembre, fecha de la fundaci\u00f3n del partido que arriba a sus 52 a\u00f1os.<\/p>\n<blockquote class=\"twitter-tweet\">\n<p lang=\"es\" dir=\"ltr\"><a href=\"https:\/\/twitter.com\/hashtag\/DelPartidoPLD?src=hash&amp;ref_src=twsrc%5Etfw\">#DelPartidoPLD<\/a> | <a href=\"https:\/\/twitter.com\/DaniloMedina?ref_src=twsrc%5Etfw\">@DaniloMedina<\/a>, Presidente del <a href=\"https:\/\/twitter.com\/hashtag\/PLD?src=hash&amp;ref_src=twsrc%5Etfw\">#PLD<\/a>, reitera que en esa organizaci\u00f3n y su dirigencia,  est\u00e1 la esperanza de redenci\u00f3n del pueblo dominicano. <a href=\"https:\/\/t.co\/saNbXt5PXU\">pic.twitter.com\/saNbXt5PXU<\/a><\/p>\n<p>&mdash; PLD (@PLDenlinea) <a href=\"https:\/\/twitter.com\/PLDenlinea\/status\/2000024886014603621?ref_src=twsrc%5Etfw\">December 14, 2025<\/a><\/p><\/blockquote>\n<p> <script async src=\"https:\/\/platform.twitter.com\/widgets.js\" charset=\"utf-8\"><\/script><\/p>\n","protected":false},"excerpt":{"rendered":"<p>Danilo Medina, Presidente del PLD, reitera que en esa organizaci\u00f3n y su dirigencia, est\u00e1 la esperanza de redenci\u00f3n del pueblo dominicano Cuando concluyan las diferentes etapas de la nueva L\u00ednea Organizativa y Electoral en los meses venideros, el Partido de la Liberaci\u00f3n Dominicana (PLD) tendr\u00e1 una estructura org\u00e1nica preparada para ganar indiscutiblemente las pr\u00f3ximas elecciones. [&hellip;]<\/p>\n","protected":false},"author":1,"featured_media":84678,"comment_status":"open","ping_status":"open","sticky":false,"template":"","format":"standard","meta":{"tdm_status":"","tdm_grid_status":"","footnotes":""},"categories":[9],"tags":[],"_links":{"self":[{"href":"https:\/\/pldaldia.com\/portada\/wp-json\/wp\/v2\/posts\/84677"}],"collection":[{"href":"https:\/\/pldaldia.com\/portada\/wp-json\/wp\/v2\/posts"}],"about":[{"href":"https:\/\/pldaldia.com\/portada\/wp-json\/wp\/v2\/types\/post"}],"author":[{"embeddable":true,"href":"https:\/\/pldaldia.com\/portada\/wp-json\/wp\/v2\/users\/1"}],"replies":[{"embeddable":true,"href":"https:\/\/pldaldia.com\/portada\/wp-json\/wp\/v2\/comments?post=84677"}],"version-history":[{"count":3,"href":"https:\/\/pldaldia.com\/portada\/wp-json\/wp\/v2\/posts\/84677\/revisions"}],"predecessor-version":[{"id":84681,"href":"https:\/\/pldaldia.com\/portada\/wp-json\/wp\/v2\/posts\/84677\/revisions\/84681"}],"wp:featuredmedia":[{"embeddable":true,"href":"https:\/\/pldaldia.com\/portada\/wp-json\/wp\/v2\/media\/84678"}],"wp:attachment":[{"href":"https:\/\/pldaldia.com\/portada\/wp-json\/wp\/v2\/media?parent=84677"}],"wp:term":[{"taxonomy":"category","embeddable":true,"href":"https:\/\/pldaldia.com\/portada\/wp-json\/wp\/v2\/categories?post=84677"},{"taxonomy":"post_tag","embeddable":true,"href":"https:\/\/pldaldia.com\/portada\/wp-json\/wp\/v2\/tags?post=84677"}],"curies":[{"name":"wp","href":"https:\/\/api.w.org\/{rel}","templated":true}]}}