{"id":84686,"date":"2025-12-14T11:10:28","date_gmt":"2025-12-14T15:10:28","guid":{"rendered":"https:\/\/pldaldia.com\/portada\/?p=84686"},"modified":"2025-12-14T11:10:28","modified_gmt":"2025-12-14T15:10:28","slug":"actividades-del-aniversario-del-pld","status":"publish","type":"post","link":"https:\/\/pldaldia.com\/portada\/actividades-del-aniversario-del-pld\/","title":{"rendered":"Actividades del aniversario del PLD"},"content":{"rendered":"<p>Cristina Lizardo: \u201cEl PLD celebrar\u00e1 este lunes sus 52 a\u00f1os fortalecido y reafirmando su lucha junto al Pueblo\u201d<\/p>\n<p>Fortalecido como fuerza pol\u00edtica y con el entusiasmo generado por un 2025 en el que Partido de la Liberaci\u00f3n Dominicana ha sabido levantarse y defender con firmeza las causas justas del pueblo, la organizaci\u00f3n pol\u00edtica, fundada en 1973 por el profesor Juan Bosch, se dispone a celebrar este lunes 52 a\u00f1os.<\/p>\n<p>Cristina Lizardo, coordinadora de la Comisi\u00f3n de Celebraciones y Conmemoraciones del PLD, as\u00ed lo inform\u00f3 en la asamblea de evaluaci\u00f3n de los trabajos de implementaci\u00f3n de la L\u00ednea Organizativa y Electoral (LOE)<\/p>\n<p>En la celebraci\u00f3n de su aniversario, el PLD ha preparado una serie de actos a desarrollar en su sede nacional y en los locales provinciales y de seccionales, seg\u00fan la tradici\u00f3n.<\/p>\n<p>Lizardo ratific\u00f3 en el encuentro de dirigentes de las actividades programadas para este lunes, que inician a las ocho de la ma\u00f1ana con el tradicional acto de izamiento de las banderas (Nacional y del PLD) en los jardines de la Casa Nacional Reinaldo Pared P\u00e9rez, en donde tambi\u00e9n se realizar\u00e1 una ofrenda floral ante el busto del Profesor Juan Bosch, ubicado all\u00ed.<\/p>\n<p>La actividad se completar\u00e1 con la tradicional ma\u00f1anita disfrutando de villancicos, merengues y un brindis navide\u00f1o, que ser\u00e1 compartido con los transe\u00fantes y los asistentes a la sede nacional.<\/p>\n<p>En horas de la tarde se presentar\u00e1 la restauraci\u00f3n y remozamiento de los murales de la Casa Nacional de la autor\u00eda del pintor Alberto Bass, pionero del fotorrealismo en el pa\u00eds.<\/p>\n<p>Tambi\u00e9n exhibir\u00e1 el nuevo \u00e1rbol de limoncillo, replantado en el lugar del viejo \u00e1rbol que cubri\u00f3 con su sombra la inspiraci\u00f3n de mujeres y hombres del pueblo dominicano, transformado en dirigentes pol\u00edticos.<\/p>\n<p>Para las 4:30 de la tarde se program\u00f3 un acto solemne en el sal\u00f3n Bienvenido Sandoval de la Casa Nacional Reinaldo Pared P\u00e9rez con la presencia del Presidente del PLD, Danilo Medina; del Secretario General, Johnny Pujols y una representaci\u00f3n del Comit\u00e9 Pol\u00edtico, con los miembros y dirigentes de la organizaci\u00f3n.<\/p>\n<p>En el acto que se realizar\u00e1 en el Gran Sal\u00f3n Bienvenido Sandoval, se incluyen discursos, audiovisuales y relatos sobre la fundaci\u00f3n del PLD y su presencia y aportes en los 52 a\u00f1os de existencia.<\/p>\n<p>\u201cLas mujeres y hombres del Partido de la Liberaci\u00f3n Dominicana nos sentimos orgullosos de pertenecer a esta organizaci\u00f3n y luchar y trabajar siempre junto al pueblo\u201d, concluy\u00f3 Lizardo sus palabras de invitaci\u00f3n a la celebraci\u00f3n del aniversario del PLD.<\/p>\n","protected":false},"excerpt":{"rendered":"<p>Cristina Lizardo: \u201cEl PLD celebrar\u00e1 este lunes sus 52 a\u00f1os fortalecido y reafirmando su lucha junto al Pueblo\u201d Fortalecido como fuerza pol\u00edtica y con el entusiasmo generado por un 2025 en el que Partido de la Liberaci\u00f3n Dominicana ha sabido levantarse y defender con firmeza las causas justas del pueblo, la organizaci\u00f3n pol\u00edtica, fundada en [&hellip;]<\/p>\n","protected":false},"author":1,"featured_media":84687,"comment_status":"open","ping_status":"open","sticky":false,"template":"","format":"standard","meta":{"tdm_status":"","tdm_grid_status":"","footnotes":""},"categories":[9],"tags":[],"_links":{"self":[{"href":"https:\/\/pldaldia.com\/portada\/wp-json\/wp\/v2\/posts\/84686"}],"collection":[{"href":"https:\/\/pldaldia.com\/portada\/wp-json\/wp\/v2\/posts"}],"about":[{"href":"https:\/\/pldaldia.com\/portada\/wp-json\/wp\/v2\/types\/post"}],"author":[{"embeddable":true,"href":"https:\/\/pldaldia.com\/portada\/wp-json\/wp\/v2\/users\/1"}],"replies":[{"embeddable":true,"href":"https:\/\/pldaldia.com\/portada\/wp-json\/wp\/v2\/comments?post=84686"}],"version-history":[{"count":1,"href":"https:\/\/pldaldia.com\/portada\/wp-json\/wp\/v2\/posts\/84686\/revisions"}],"predecessor-version":[{"id":84689,"href":"https:\/\/pldaldia.com\/portada\/wp-json\/wp\/v2\/posts\/84686\/revisions\/84689"}],"wp:featuredmedia":[{"embeddable":true,"href":"https:\/\/pldaldia.com\/portada\/wp-json\/wp\/v2\/media\/84687"}],"wp:attachment":[{"href":"https:\/\/pldaldia.com\/portada\/wp-json\/wp\/v2\/media?parent=84686"}],"wp:term":[{"taxonomy":"category","embeddable":true,"href":"https:\/\/pldaldia.com\/portada\/wp-json\/wp\/v2\/categories?post=84686"},{"taxonomy":"post_tag","embeddable":true,"href":"https:\/\/pldaldia.com\/portada\/wp-json\/wp\/v2\/tags?post=84686"}],"curies":[{"name":"wp","href":"https:\/\/api.w.org\/{rel}","templated":true}]}}