{"id":84698,"date":"2025-12-15T00:52:07","date_gmt":"2025-12-15T04:52:07","guid":{"rendered":"https:\/\/pldaldia.com\/portada\/?p=84698"},"modified":"2025-12-15T00:52:07","modified_gmt":"2025-12-15T04:52:07","slug":"dia-mundial-del-otaku-4","status":"publish","type":"post","link":"https:\/\/pldaldia.com\/portada\/dia-mundial-del-otaku-4\/","title":{"rendered":"D\u00eda Mundial del Otaku,"},"content":{"rendered":"<p>Los aficionados al manga y al anime est\u00e1n de enhorabuena porque el 15 de diciembre se celebra el D\u00eda Mundial del Otaku, una celebraci\u00f3n que, aunque no es oficial, est\u00e1 muy extendida en redes sociales.<\/p>\n<p>Son muchos los perfiles que rinden homenaje a los apasionados a la cultura japonesa. Y la celebraci\u00f3n se est\u00e1 universalizando cada vez m\u00e1s.<\/p>\n","protected":false},"excerpt":{"rendered":"<p>Los aficionados al manga y al anime est\u00e1n de enhorabuena porque el 15 de diciembre se celebra el D\u00eda Mundial del Otaku, una celebraci\u00f3n que, aunque no es oficial, est\u00e1 muy extendida en redes sociales. Son muchos los perfiles que rinden homenaje a los apasionados a la cultura japonesa. Y la celebraci\u00f3n se est\u00e1 universalizando [&hellip;]<\/p>\n","protected":false},"author":1,"featured_media":84699,"comment_status":"open","ping_status":"open","sticky":false,"template":"","format":"standard","meta":{"tdm_status":"","tdm_grid_status":"","footnotes":""},"categories":[57],"tags":[],"_links":{"self":[{"href":"https:\/\/pldaldia.com\/portada\/wp-json\/wp\/v2\/posts\/84698"}],"collection":[{"href":"https:\/\/pldaldia.com\/portada\/wp-json\/wp\/v2\/posts"}],"about":[{"href":"https:\/\/pldaldia.com\/portada\/wp-json\/wp\/v2\/types\/post"}],"author":[{"embeddable":true,"href":"https:\/\/pldaldia.com\/portada\/wp-json\/wp\/v2\/users\/1"}],"replies":[{"embeddable":true,"href":"https:\/\/pldaldia.com\/portada\/wp-json\/wp\/v2\/comments?post=84698"}],"version-history":[{"count":1,"href":"https:\/\/pldaldia.com\/portada\/wp-json\/wp\/v2\/posts\/84698\/revisions"}],"predecessor-version":[{"id":84700,"href":"https:\/\/pldaldia.com\/portada\/wp-json\/wp\/v2\/posts\/84698\/revisions\/84700"}],"wp:featuredmedia":[{"embeddable":true,"href":"https:\/\/pldaldia.com\/portada\/wp-json\/wp\/v2\/media\/84699"}],"wp:attachment":[{"href":"https:\/\/pldaldia.com\/portada\/wp-json\/wp\/v2\/media?parent=84698"}],"wp:term":[{"taxonomy":"category","embeddable":true,"href":"https:\/\/pldaldia.com\/portada\/wp-json\/wp\/v2\/categories?post=84698"},{"taxonomy":"post_tag","embeddable":true,"href":"https:\/\/pldaldia.com\/portada\/wp-json\/wp\/v2\/tags?post=84698"}],"curies":[{"name":"wp","href":"https:\/\/api.w.org\/{rel}","templated":true}]}}