{"id":88474,"date":"2026-05-10T02:40:11","date_gmt":"2026-05-10T06:40:11","guid":{"rendered":"https:\/\/pldaldia.com\/portada\/?p=88474"},"modified":"2026-05-10T02:40:11","modified_gmt":"2026-05-10T06:40:11","slug":"dia-internacional-de-los-arganes","status":"publish","type":"post","link":"https:\/\/pldaldia.com\/portada\/dia-internacional-de-los-arganes\/","title":{"rendered":"D\u00eda Internacional de los Arganes"},"content":{"rendered":"<p>La Asamblea General de las Naciones Unidas proclam\u00f3 el D\u00eda Internacional de los Arganes, que se celebra anualmente cada 10 de mayo. para dar a conocer la importancia, propiedades y beneficios de esta especie aut\u00f3ctona del norte de \u00c1frica.<\/p>\n","protected":false},"excerpt":{"rendered":"<p>La Asamblea General de las Naciones Unidas proclam\u00f3 el D\u00eda Internacional de los Arganes, que se celebra anualmente cada 10 de mayo. para dar a conocer la importancia, propiedades y beneficios de esta especie aut\u00f3ctona del norte de \u00c1frica.<\/p>\n","protected":false},"author":1,"featured_media":88475,"comment_status":"open","ping_status":"open","sticky":false,"template":"","format":"standard","meta":{"tdm_status":"","tdm_grid_status":"","footnotes":""},"categories":[57],"tags":[],"_links":{"self":[{"href":"https:\/\/pldaldia.com\/portada\/wp-json\/wp\/v2\/posts\/88474"}],"collection":[{"href":"https:\/\/pldaldia.com\/portada\/wp-json\/wp\/v2\/posts"}],"about":[{"href":"https:\/\/pldaldia.com\/portada\/wp-json\/wp\/v2\/types\/post"}],"author":[{"embeddable":true,"href":"https:\/\/pldaldia.com\/portada\/wp-json\/wp\/v2\/users\/1"}],"replies":[{"embeddable":true,"href":"https:\/\/pldaldia.com\/portada\/wp-json\/wp\/v2\/comments?post=88474"}],"version-history":[{"count":1,"href":"https:\/\/pldaldia.com\/portada\/wp-json\/wp\/v2\/posts\/88474\/revisions"}],"predecessor-version":[{"id":88476,"href":"https:\/\/pldaldia.com\/portada\/wp-json\/wp\/v2\/posts\/88474\/revisions\/88476"}],"wp:featuredmedia":[{"embeddable":true,"href":"https:\/\/pldaldia.com\/portada\/wp-json\/wp\/v2\/media\/88475"}],"wp:attachment":[{"href":"https:\/\/pldaldia.com\/portada\/wp-json\/wp\/v2\/media?parent=88474"}],"wp:term":[{"taxonomy":"category","embeddable":true,"href":"https:\/\/pldaldia.com\/portada\/wp-json\/wp\/v2\/categories?post=88474"},{"taxonomy":"post_tag","embeddable":true,"href":"https:\/\/pldaldia.com\/portada\/wp-json\/wp\/v2\/tags?post=88474"}],"curies":[{"name":"wp","href":"https:\/\/api.w.org\/{rel}","templated":true}]}}