{"id":88494,"date":"2026-05-11T00:00:19","date_gmt":"2026-05-11T04:00:19","guid":{"rendered":"https:\/\/pldaldia.com\/portada\/?p=88494"},"modified":"2026-05-11T00:00:19","modified_gmt":"2026-05-11T04:00:19","slug":"dia-nacional-del-teatro","status":"publish","type":"post","link":"https:\/\/pldaldia.com\/portada\/dia-nacional-del-teatro\/","title":{"rendered":"Dia Nacional del Teatro"},"content":{"rendered":"<p>D\u00eda Nacional del Teatro (11 de mayo): Instituido para reconocer la trayectoria y el impacto del teatro en el pa\u00eds, fomentando la producci\u00f3n local y el talento nacional.<\/p>\n","protected":false},"excerpt":{"rendered":"<p>D\u00eda Nacional del Teatro (11 de mayo): Instituido para reconocer la trayectoria y el impacto del teatro en el pa\u00eds, fomentando la producci\u00f3n local y el talento nacional.<\/p>\n","protected":false},"author":1,"featured_media":88495,"comment_status":"open","ping_status":"open","sticky":false,"template":"","format":"standard","meta":{"tdm_status":"","tdm_grid_status":"","footnotes":""},"categories":[57],"tags":[],"_links":{"self":[{"href":"https:\/\/pldaldia.com\/portada\/wp-json\/wp\/v2\/posts\/88494"}],"collection":[{"href":"https:\/\/pldaldia.com\/portada\/wp-json\/wp\/v2\/posts"}],"about":[{"href":"https:\/\/pldaldia.com\/portada\/wp-json\/wp\/v2\/types\/post"}],"author":[{"embeddable":true,"href":"https:\/\/pldaldia.com\/portada\/wp-json\/wp\/v2\/users\/1"}],"replies":[{"embeddable":true,"href":"https:\/\/pldaldia.com\/portada\/wp-json\/wp\/v2\/comments?post=88494"}],"version-history":[{"count":1,"href":"https:\/\/pldaldia.com\/portada\/wp-json\/wp\/v2\/posts\/88494\/revisions"}],"predecessor-version":[{"id":88496,"href":"https:\/\/pldaldia.com\/portada\/wp-json\/wp\/v2\/posts\/88494\/revisions\/88496"}],"wp:featuredmedia":[{"embeddable":true,"href":"https:\/\/pldaldia.com\/portada\/wp-json\/wp\/v2\/media\/88495"}],"wp:attachment":[{"href":"https:\/\/pldaldia.com\/portada\/wp-json\/wp\/v2\/media?parent=88494"}],"wp:term":[{"taxonomy":"category","embeddable":true,"href":"https:\/\/pldaldia.com\/portada\/wp-json\/wp\/v2\/categories?post=88494"},{"taxonomy":"post_tag","embeddable":true,"href":"https:\/\/pldaldia.com\/portada\/wp-json\/wp\/v2\/tags?post=88494"}],"curies":[{"name":"wp","href":"https:\/\/api.w.org\/{rel}","templated":true}]}}