{"id":88501,"date":"2026-05-11T11:16:26","date_gmt":"2026-05-11T15:16:26","guid":{"rendered":"https:\/\/pldaldia.com\/portada\/?p=88501"},"modified":"2026-05-11T11:16:26","modified_gmt":"2026-05-11T15:16:26","slug":"tras-el-espejo-de-una-exploracio-el-gobierno-del-prm-esconde-su-intencion-de-explotacion-de-la-mina-en-san-juan","status":"publish","type":"post","link":"https:\/\/pldaldia.com\/portada\/tras-el-espejo-de-una-exploracio-el-gobierno-del-prm-esconde-su-intencion-de-explotacion-de-la-mina-en-san-juan\/","title":{"rendered":"TRAS EL ESPEJO DE UNA EXPLORACIO, EL GOBIERNO DEL PRM ESCONDE SU INTENCION DE EXPLOTACI\u00d3N DE LA MINA EN SAN JUAN"},"content":{"rendered":"<p>Por: Jos\u00e9 Alexander Suero | En los discursos oficiales, la palabra \u201cexploraci\u00f3n\u201d suele presentarse como una etapa t\u00e9cnica, neutral y casi inocua dentro del desarrollo econ\u00f3mico. Sin embargo, en el contexto de San Juan, esta narrativa comienza a resquebrajarse cuando se analiza con detenimiento el trasfondo pol\u00edtico, social y medioambiental que la rodea. Lo que se vende como un proceso preliminar podr\u00eda ser, en realidad, el primer paso de una estrategia m\u00e1s amplia orientada a la explotaci\u00f3n minera a gran escala.<\/p>\n<p>Desde una perspectiva pol\u00edtica, el manejo del tema por parte del gobierno del PRM evidencia una tensi\u00f3n entre la transparencia institucional y los intereses econ\u00f3micos. La falta de informaci\u00f3n clara, la escasa participaci\u00f3n comunitaria y la ambig\u00fcedad en los contratos o permisos alimentan la sospecha de que la \u201cexploraci\u00f3n\u201d no es un fin en s\u00ed mismo, sino un medio para legitimar futuras operaciones extractivas. En este sentido, el lenguaje t\u00e9cnico funciona como un espejo que distorsiona la realidad: refleja desarrollo, pero oculta posibles impactos irreversibles.<\/p>\n<p>En el plano social, San Juan no es un territorio vac\u00edo. Es una provincia con identidad agr\u00edcola, donde la tierra no solo representa sustento econ\u00f3mico, sino tambi\u00e9n arraigo cultural. La posible transici\u00f3n hacia un modelo extractivo plantea un conflicto directo con estas formas de vida. La historia latinoamericana ofrece m\u00faltiples ejemplos en los que la miner\u00eda ha generado desplazamiento, fragmentaci\u00f3n social y conflictos comunitarios. Ignorar estas experiencias es, como m\u00ednimo, una irresponsabilidad pol\u00edtica.<\/p>\n<p>El componente medioambiental, por su parte, es quiz\u00e1s el m\u00e1s cr\u00edtico. La exploraci\u00f3n minera implica intervenciones sobre el suelo, uso de qu\u00edmicos y alteraciones en los ecosistemas. En una zona donde el acceso al agua y la calidad del suelo son esenciales para la agricultura, cualquier riesgo de contaminaci\u00f3n o degradaci\u00f3n ambiental podr\u00eda tener consecuencias devastadoras. M\u00e1s a\u00fan, en un contexto global de crisis clim\u00e1tica, apostar por modelos extractivos intensivos parece contradecir los compromisos de sostenibilidad que el propio Estado dice defender.<\/p>\n<p>El problema de fondo no es \u00fanicamente la miner\u00eda, sino la forma en que se toman las decisiones. Cuando el desarrollo se impone desde arriba, sin di\u00e1logo ni consenso, deja de ser desarrollo y se convierte en imposici\u00f3n. La ciudadan\u00eda de San Juan merece algo m\u00e1s que promesas difusas: merece informaci\u00f3n, participaci\u00f3n y garant\u00edas reales de protecci\u00f3n ambiental.<\/p>\n<p>As\u00ed, tras el espejo de la \u201cexploraci\u00f3n\u201d, lo que emerge no es solo una posible explotaci\u00f3n minera, sino una forma de gobernar que privilegia intereses econ\u00f3micos por encima del bienestar colectivo. La pregunta ya no es si se explorar\u00e1 o no, sino qui\u00e9n decide, c\u00f3mo se decide y a costa de qu\u00e9 futuro.<\/p>\n","protected":false},"excerpt":{"rendered":"<p>Por: Jos\u00e9 Alexander Suero | En los discursos oficiales, la palabra \u201cexploraci\u00f3n\u201d suele presentarse como una etapa t\u00e9cnica, neutral y casi inocua dentro del desarrollo econ\u00f3mico. Sin embargo, en el contexto de San Juan, esta narrativa comienza a resquebrajarse cuando se analiza con detenimiento el trasfondo pol\u00edtico, social y medioambiental que la rodea. Lo que [&hellip;]<\/p>\n","protected":false},"author":1,"featured_media":86615,"comment_status":"open","ping_status":"open","sticky":false,"template":"","format":"standard","meta":{"tdm_status":"","tdm_grid_status":"","footnotes":""},"categories":[53],"tags":[],"_links":{"self":[{"href":"https:\/\/pldaldia.com\/portada\/wp-json\/wp\/v2\/posts\/88501"}],"collection":[{"href":"https:\/\/pldaldia.com\/portada\/wp-json\/wp\/v2\/posts"}],"about":[{"href":"https:\/\/pldaldia.com\/portada\/wp-json\/wp\/v2\/types\/post"}],"author":[{"embeddable":true,"href":"https:\/\/pldaldia.com\/portada\/wp-json\/wp\/v2\/users\/1"}],"replies":[{"embeddable":true,"href":"https:\/\/pldaldia.com\/portada\/wp-json\/wp\/v2\/comments?post=88501"}],"version-history":[{"count":1,"href":"https:\/\/pldaldia.com\/portada\/wp-json\/wp\/v2\/posts\/88501\/revisions"}],"predecessor-version":[{"id":88502,"href":"https:\/\/pldaldia.com\/portada\/wp-json\/wp\/v2\/posts\/88501\/revisions\/88502"}],"wp:featuredmedia":[{"embeddable":true,"href":"https:\/\/pldaldia.com\/portada\/wp-json\/wp\/v2\/media\/86615"}],"wp:attachment":[{"href":"https:\/\/pldaldia.com\/portada\/wp-json\/wp\/v2\/media?parent=88501"}],"wp:term":[{"taxonomy":"category","embeddable":true,"href":"https:\/\/pldaldia.com\/portada\/wp-json\/wp\/v2\/categories?post=88501"},{"taxonomy":"post_tag","embeddable":true,"href":"https:\/\/pldaldia.com\/portada\/wp-json\/wp\/v2\/tags?post=88501"}],"curies":[{"name":"wp","href":"https:\/\/api.w.org\/{rel}","templated":true}]}}