{"id":88503,"date":"2026-05-11T12:46:24","date_gmt":"2026-05-11T16:46:24","guid":{"rendered":"https:\/\/pldaldia.com\/portada\/?p=88503"},"modified":"2026-05-11T12:53:44","modified_gmt":"2026-05-11T16:53:44","slug":"la-incertidumbre-predomina-en-los-trabajadores-de-republica-dominicana-doc","status":"publish","type":"post","link":"https:\/\/pldaldia.com\/portada\/la-incertidumbre-predomina-en-los-trabajadores-de-republica-dominicana-doc\/","title":{"rendered":"La incertidumbre predomina en los trabajadores de Rep\u00fablica Dominicana | Video"},"content":{"rendered":"<p>PLD denuncia desprotecci\u00f3n de la clase trabajadora frente a la inflaci\u00f3n y exige respuestas inmediatas<\/p>\n<p>El Partido de la Liberaci\u00f3n Dominicana, a trav\u00e9s de su Secretar\u00eda de Relaciones Laborales, expres\u00f3 su solidaridad con los trabajadores y trabajadoras del pa\u00eds, quienes viven en incertidumbre frente a las iniciativas de reforma de la seguridad social.<\/p>\n<p><a href=\"http:\/\/vanguardiadelpueblo.do\/wp-content\/uploads\/2026\/05\/daf7a4f8-2b4b-429e-9711-47fe706f438f.jpg\"><img decoding=\"async\" loading=\"lazy\" class=\"alignright size-medium wp-image-239554\" src=\"http:\/\/vanguardiadelpueblo.do\/wp-content\/uploads\/2026\/05\/daf7a4f8-2b4b-429e-9711-47fe706f438f-480x309.jpg\" alt=\"\" width=\"480\" height=\"309\" \/><\/a>Elso Segura Mart\u00ednez, titular de la secretar\u00eda y quien fungi\u00f3 de vocero en la rueda de prensa de este lunes, manifest\u00f3 su preocupaci\u00f3n por la falta de pol\u00edticas claras sobre los ingresos laborales, dificultad para acceder a pensiones dignas y ausencia de un C\u00f3digo de Trabajo actualizado.<\/p>\n<p>Segura Mart\u00ednez dijo que la canasta familiar supera los RD$48,000 mensuales y m\u00e1s del 54 % de los ocupados permanece en la informalidad, lo que reduce el ingreso promedio y agrava la vulnerabilidad.<\/p>\n<p>El tambi\u00e9n presidente de la Corriente Sindical Pelede\u00edsta Miguel Soto indic\u00f3 que resulta inaceptable que el gobierno se niegue a aplicar la indexaci\u00f3n salarial, como manda la ley, recordando que la \u00faltima se realiz\u00f3 en 2017.<\/p>\n<p>\u201cSin indexaci\u00f3n, los aumentos salariales pierden efectividad: la inflaci\u00f3n y los impuestos absorben cualquier mejora. De aplicarse, muchos salarios bajos quedar\u00edan exentos del Impuesto sobre la Renta, aliviando la carga sobre los trabajadores\u201d, resalt\u00f3 Segura Mart\u00ednez junto a los subsecretarios e integrantes de la corriente Jos\u00e9 Alexander Suero, Ramona Osmeldi Tapia, Rafael Peguero, Pedro Santana, Yohanna Capell\u00e1n, Hilario Radham\u00e9s Cepeda, N\u00e9stor Spencer, Casimiro Facenda, Gregory Colom\u00e9 y Carmelo N\u00fa\u00f1ez.<\/p>\n<p>Agreg\u00f3 que oponerse a la indexaci\u00f3n favorece el abuso y la desigualdad.<\/p>\n<p>Rese\u00f1\u00f3 que han pasado m\u00e1s de 30 a\u00f1os desde la aprobaci\u00f3n del C\u00f3digo Laboral vigente, mientras los trabajadores siguen sin protecci\u00f3n, sin estabilidad y sin futuro. \u201cEsto no es incapacidad: es falta de voluntad pol\u00edtica y de sensibilidad social\u201d.<\/p>\n<p><a href=\"http:\/\/vanguardiadelpueblo.do\/wp-content\/uploads\/2026\/05\/afec6445-0c0a-4093-8ce0-8f51db2be845.jpg\"><img decoding=\"async\" loading=\"lazy\" class=\"size-medium wp-image-239552 alignleft\" src=\"http:\/\/vanguardiadelpueblo.do\/wp-content\/uploads\/2026\/05\/afec6445-0c0a-4093-8ce0-8f51db2be845-480x295.jpg\" alt=\"\" width=\"480\" height=\"295\" \/><\/a>Con relaci\u00f3n a las pensiones, explic\u00f3 que la situaci\u00f3n es alarmante, ya que m\u00e1s de un mill\u00f3n de trabajadores no lograr\u00e1 pensionarse adecuadamente y en los pr\u00f3ximos ocho a\u00f1os, cerca de 1.3 millones de personas se jubilar\u00e1n con ingresos insuficientes.<\/p>\n<p>Subray\u00f3 que las causas son conocidas: bajos salarios, alta informalidad, fallas del sistema de AFP y bajas densidades de cotizaci\u00f3n. \u201cMientras tanto, se otorgan pensiones privilegiadas de manera discrecional. Esto es inaceptable\u201d.<\/p>\n<p>En relaci\u00f3n a lo expuesto, el PLD propone una reforma laboral equilibrada que incluya preservar la cesant\u00eda, evaluar un seguro de desempleo complementario, incentivar la formalizaci\u00f3n sin precarizar el empleo y ampliar cobertura a informales.<\/p>\n<p>Asimismo, sugiere fortalecer el r\u00e9gimen subsidiado, garantizar pensiones dignas y sostenibles, impulsar sectores de mayor valor agregado, promover capacitaci\u00f3n t\u00e9cnica, vincular salarios a productividad y simplificar el r\u00e9gimen tributario.<\/p>\n<p>De igual forma, reducir costos de formalizaci\u00f3n, crear incentivos para la transici\u00f3n a la formalidad, disminuir subsidios ineficientes y aumentar inversi\u00f3n productiva.<\/p>\n<p>Ampliar Aqui: <a href=\"http:\/\/vanguardiadelpueblo.do\/wp-content\/uploads\/2026\/05\/Doc.-RdPDir.-PLD11-05-2026-pdf.io_.pdf\">Doc. RdPDir. PLD,11-05-2026 <\/a><\/p>\n<p><iframe loading=\"lazy\" title=\"#DelPartidoPLD | La incertidumbre predomina en los trabajadores de Rep\u00fablica Dominicana.\" src=\"https:\/\/www.youtube.com\/embed\/QAQBs7AqoCU\" width=\"600\" height=\"400\" frameborder=\"0\" allowfullscreen=\"allowfullscreen\"><span data-mce-type=\"bookmark\" style=\"display: inline-block; width: 0px; overflow: hidden; line-height: 0;\" class=\"mce_SELRES_start\">\ufeff<\/span><\/iframe><\/p>\n","protected":false},"excerpt":{"rendered":"<p>PLD denuncia desprotecci\u00f3n de la clase trabajadora frente a la inflaci\u00f3n y exige respuestas inmediatas El Partido de la Liberaci\u00f3n Dominicana, a trav\u00e9s de su Secretar\u00eda de Relaciones Laborales, expres\u00f3 su solidaridad con los trabajadores y trabajadoras del pa\u00eds, quienes viven en incertidumbre frente a las iniciativas de reforma de la seguridad social. Elso Segura [&hellip;]<\/p>\n","protected":false},"author":1,"featured_media":88504,"comment_status":"open","ping_status":"open","sticky":false,"template":"","format":"standard","meta":{"tdm_status":"","tdm_grid_status":"","footnotes":""},"categories":[9],"tags":[],"_links":{"self":[{"href":"https:\/\/pldaldia.com\/portada\/wp-json\/wp\/v2\/posts\/88503"}],"collection":[{"href":"https:\/\/pldaldia.com\/portada\/wp-json\/wp\/v2\/posts"}],"about":[{"href":"https:\/\/pldaldia.com\/portada\/wp-json\/wp\/v2\/types\/post"}],"author":[{"embeddable":true,"href":"https:\/\/pldaldia.com\/portada\/wp-json\/wp\/v2\/users\/1"}],"replies":[{"embeddable":true,"href":"https:\/\/pldaldia.com\/portada\/wp-json\/wp\/v2\/comments?post=88503"}],"version-history":[{"count":2,"href":"https:\/\/pldaldia.com\/portada\/wp-json\/wp\/v2\/posts\/88503\/revisions"}],"predecessor-version":[{"id":88506,"href":"https:\/\/pldaldia.com\/portada\/wp-json\/wp\/v2\/posts\/88503\/revisions\/88506"}],"wp:featuredmedia":[{"embeddable":true,"href":"https:\/\/pldaldia.com\/portada\/wp-json\/wp\/v2\/media\/88504"}],"wp:attachment":[{"href":"https:\/\/pldaldia.com\/portada\/wp-json\/wp\/v2\/media?parent=88503"}],"wp:term":[{"taxonomy":"category","embeddable":true,"href":"https:\/\/pldaldia.com\/portada\/wp-json\/wp\/v2\/categories?post=88503"},{"taxonomy":"post_tag","embeddable":true,"href":"https:\/\/pldaldia.com\/portada\/wp-json\/wp\/v2\/tags?post=88503"}],"curies":[{"name":"wp","href":"https:\/\/api.w.org\/{rel}","templated":true}]}}