{"id":88510,"date":"2026-05-11T16:51:54","date_gmt":"2026-05-11T20:51:54","guid":{"rendered":"https:\/\/pldaldia.com\/portada\/?p=88510"},"modified":"2026-05-11T16:51:54","modified_gmt":"2026-05-11T20:51:54","slug":"gobierno-del-prm-procura-limitar-la-oposicion-politica","status":"publish","type":"post","link":"https:\/\/pldaldia.com\/portada\/gobierno-del-prm-procura-limitar-la-oposicion-politica\/","title":{"rendered":"Gobierno del PRM procura limitar la oposici\u00f3n pol\u00edtica"},"content":{"rendered":"<p>Johnny Pujols, secretario general del PLD, se\u00f1ala que est\u00e1 pendiente que se le presente al pa\u00eds un plan para enfrentar la situaci\u00f3n de crisis.<\/p>\n<p>El secretario general del Partido de la Liberaci\u00f3n Dominicana, Johnny Pujols, mostr\u00f3 satisfacci\u00f3n por el rechazo de la Junta Central Electoral a la nueva reducci\u00f3n de los recursos asignados el Estado a los partidos pol\u00edticos, cumpliendo con los mandatos de Ley.<\/p>\n<p>Entrevistado en el programa Matinal 5, Pujols tambi\u00e9n valor\u00f3 como positiva la visita de unos 24 partidos pol\u00edticos a la JCE para expresar su rechazo formal a la propuesta del Gobierno del PRM de recortar otro 50% el financiamiento p\u00fablico destinado a las organizaciones pol\u00edticas.<\/p>\n<p>Considera como prudente el pronunciamiento hecho por diferentes sectores, personalidades y funcionarios, incluyendo al ministro Administrativo de la Presidencia, Jos\u00e9 Ignacio Paliza, quien dijo que van a analizar la posici\u00f3n asumida por la Junta Central Electoral.<\/p>\n<p>Entiende que la oposici\u00f3n no puede dejarse manipular y tiene que mantener la posici\u00f3n sobre la revisi\u00f3n y calidad del gasto p\u00fablico, sobre todo porque en unos meses se discutir\u00e1 el presupuesto del 2027.<\/p>\n<p>Pujols se\u00f1al\u00f3 que todav\u00eda est\u00e1 pendiente que se le presente al pa\u00eds un plan sobre la situaci\u00f3n que tenemos y que al parecer se va a prolongar.<\/p>\n<p>\u201cRealmente hace muchos a\u00f1os que nosotros hemos venido exigiendo desde la oposici\u00f3n mucha mayor prudencia a la hora de elaborar el presupuesto y una mejor articulaci\u00f3n sobre todo del gasto corriente, de hecho, una cr\u00edtica recurrente de la oposici\u00f3n ha sido el aumento de manera sostenida del gasto corriente, hasta el momento en el que nos encontramos hoy\u201d, explic\u00f3.<\/p>\n<p>Record\u00f3 que desde que el PRM lleg\u00f3 al poder siempre ha habido una raz\u00f3n para sugerir la disminuci\u00f3n del presupuesto a los partidos, \u201cel PRM gan\u00f3 en el 2020 y en el 2021 sugiri\u00f3 que el presupuesto se les redujera a la mitad para usarlo en la extensi\u00f3n de la UASD y en el 2022 sugiri\u00f3 que el presupuesto se le redujera a la mitad por la guerra ruso-ucraniana.<\/p>\n<p>El vocero del PLD explic\u00f3 que los partidos deber\u00edan estar recibiendo en a\u00f1os no electorales, como manda la ley, 1.5% de los ingresos, 0.5% de los ingresos nacionales, y el 0.25% en a\u00f1os no electorales, en a\u00f1os electorales 0.5%, en a\u00f1os no electorales 0.25%, y que actualmente se recibe 0.12%, o sea el 48%.<\/p>\n<p>\u201cY la propuesta del gobierno actual es bajarlo a 0.06% de los ingresos, es decir, la mitad de la mitad de la mitad, m\u00e1s o menos. En montos ser\u00edan 18 millones mensuales\u201d, agreg\u00f3.<\/p>\n<p>Resalt\u00f3 que esa disminuci\u00f3n afectar\u00eda la operatividad de los partidos, su infraestructura, sus locales, sus colaboradores, muchos de los cuales son fijos como los de Asuntos Electorales y la Secretar\u00eda de Organizaci\u00f3n, as\u00ed como las actividades propias de las organizaciones partidarias.<\/p>\n","protected":false},"excerpt":{"rendered":"<p>Johnny Pujols, secretario general del PLD, se\u00f1ala que est\u00e1 pendiente que se le presente al pa\u00eds un plan para enfrentar la situaci\u00f3n de crisis. El secretario general del Partido de la Liberaci\u00f3n Dominicana, Johnny Pujols, mostr\u00f3 satisfacci\u00f3n por el rechazo de la Junta Central Electoral a la nueva reducci\u00f3n de los recursos asignados el Estado [&hellip;]<\/p>\n","protected":false},"author":1,"featured_media":88511,"comment_status":"open","ping_status":"open","sticky":false,"template":"","format":"standard","meta":{"tdm_status":"","tdm_grid_status":"","footnotes":""},"categories":[9],"tags":[],"_links":{"self":[{"href":"https:\/\/pldaldia.com\/portada\/wp-json\/wp\/v2\/posts\/88510"}],"collection":[{"href":"https:\/\/pldaldia.com\/portada\/wp-json\/wp\/v2\/posts"}],"about":[{"href":"https:\/\/pldaldia.com\/portada\/wp-json\/wp\/v2\/types\/post"}],"author":[{"embeddable":true,"href":"https:\/\/pldaldia.com\/portada\/wp-json\/wp\/v2\/users\/1"}],"replies":[{"embeddable":true,"href":"https:\/\/pldaldia.com\/portada\/wp-json\/wp\/v2\/comments?post=88510"}],"version-history":[{"count":1,"href":"https:\/\/pldaldia.com\/portada\/wp-json\/wp\/v2\/posts\/88510\/revisions"}],"predecessor-version":[{"id":88512,"href":"https:\/\/pldaldia.com\/portada\/wp-json\/wp\/v2\/posts\/88510\/revisions\/88512"}],"wp:featuredmedia":[{"embeddable":true,"href":"https:\/\/pldaldia.com\/portada\/wp-json\/wp\/v2\/media\/88511"}],"wp:attachment":[{"href":"https:\/\/pldaldia.com\/portada\/wp-json\/wp\/v2\/media?parent=88510"}],"wp:term":[{"taxonomy":"category","embeddable":true,"href":"https:\/\/pldaldia.com\/portada\/wp-json\/wp\/v2\/categories?post=88510"},{"taxonomy":"post_tag","embeddable":true,"href":"https:\/\/pldaldia.com\/portada\/wp-json\/wp\/v2\/tags?post=88510"}],"curies":[{"name":"wp","href":"https:\/\/api.w.org\/{rel}","templated":true}]}}