{"id":88520,"date":"2026-05-12T04:00:12","date_gmt":"2026-05-12T08:00:12","guid":{"rendered":"https:\/\/pldaldia.com\/portada\/?p=88520"},"modified":"2026-05-11T17:57:09","modified_gmt":"2026-05-11T21:57:09","slug":"dia-internacional-de-la-enfermeria-4","status":"publish","type":"post","link":"https:\/\/pldaldia.com\/portada\/dia-internacional-de-la-enfermeria-4\/","title":{"rendered":"D\u00eda Internacional de la Enfermer\u00eda"},"content":{"rendered":"<p>El 12 de mayo se celebra el D\u00eda Internacional de la Enfermer\u00eda, con el objetivo de ofrecer un merecido homenaje a todos los enfermeros y enfermeras, que a nivel mundial realizan esta labor para toda la humanidad, as\u00ed como rendir tributo a Florence Nightingale, que naci\u00f3 un 12 de mayo y es considerada la fundadora de la enfermer\u00eda moderna.<\/p>\n","protected":false},"excerpt":{"rendered":"<p>El 12 de mayo se celebra el D\u00eda Internacional de la Enfermer\u00eda, con el objetivo de ofrecer un merecido homenaje a todos los enfermeros y enfermeras, que a nivel mundial realizan esta labor para toda la humanidad, as\u00ed como rendir tributo a Florence Nightingale, que naci\u00f3 un 12 de mayo y es considerada la fundadora [&hellip;]<\/p>\n","protected":false},"author":1,"featured_media":88521,"comment_status":"open","ping_status":"open","sticky":false,"template":"","format":"standard","meta":{"tdm_status":"","tdm_grid_status":"","footnotes":""},"categories":[57],"tags":[],"_links":{"self":[{"href":"https:\/\/pldaldia.com\/portada\/wp-json\/wp\/v2\/posts\/88520"}],"collection":[{"href":"https:\/\/pldaldia.com\/portada\/wp-json\/wp\/v2\/posts"}],"about":[{"href":"https:\/\/pldaldia.com\/portada\/wp-json\/wp\/v2\/types\/post"}],"author":[{"embeddable":true,"href":"https:\/\/pldaldia.com\/portada\/wp-json\/wp\/v2\/users\/1"}],"replies":[{"embeddable":true,"href":"https:\/\/pldaldia.com\/portada\/wp-json\/wp\/v2\/comments?post=88520"}],"version-history":[{"count":1,"href":"https:\/\/pldaldia.com\/portada\/wp-json\/wp\/v2\/posts\/88520\/revisions"}],"predecessor-version":[{"id":88522,"href":"https:\/\/pldaldia.com\/portada\/wp-json\/wp\/v2\/posts\/88520\/revisions\/88522"}],"wp:featuredmedia":[{"embeddable":true,"href":"https:\/\/pldaldia.com\/portada\/wp-json\/wp\/v2\/media\/88521"}],"wp:attachment":[{"href":"https:\/\/pldaldia.com\/portada\/wp-json\/wp\/v2\/media?parent=88520"}],"wp:term":[{"taxonomy":"category","embeddable":true,"href":"https:\/\/pldaldia.com\/portada\/wp-json\/wp\/v2\/categories?post=88520"},{"taxonomy":"post_tag","embeddable":true,"href":"https:\/\/pldaldia.com\/portada\/wp-json\/wp\/v2\/tags?post=88520"}],"curies":[{"name":"wp","href":"https:\/\/api.w.org\/{rel}","templated":true}]}}