{"id":88536,"date":"2026-05-12T11:05:18","date_gmt":"2026-05-12T15:05:18","guid":{"rendered":"https:\/\/pldaldia.com\/portada\/?p=88536"},"modified":"2026-05-12T11:05:18","modified_gmt":"2026-05-12T15:05:18","slug":"deuda-soberana-el-costo-oculto-que-pagan-las-mujeres-en-america-latina","status":"publish","type":"post","link":"https:\/\/pldaldia.com\/portada\/deuda-soberana-el-costo-oculto-que-pagan-las-mujeres-en-america-latina\/","title":{"rendered":"Deuda soberana: el costo oculto que pagan las mujeres en Am\u00e9rica Latina"},"content":{"rendered":"<p>Por: Dr. Am\u00edn Cruz | \u201cLa deuda externa es el mecanismo m\u00e1s eficaz de dominaci\u00f3n: convierte a los pueblos en esclavos de cifras y priva a las mujeres de sus derechos m\u00e1s b\u00e1sicos.\u201d Eduardo Galeano<\/p>\n<p>El peso invisible de la deuda sobre las mujeres<\/p>\n<p>El informe del PNUD \u00bfQui\u00e9n paga el precio? Desigualdad de g\u00e9nero y deuda soberana revela un panorama alarmante: el aumento del servicio de la deuda amenaza con provocar la p\u00e9rdida de 55 millones de empleos femeninos en el corto plazo y hasta 92,5 millones en el largo plazo. Adem\u00e1s, se proyecta una ca\u00edda del 17% en el ingreso per c\u00e1pita de las mujeres, mientras los ingresos masculinos permanecen pr\u00e1cticamente inalterados. Esta disparidad ampl\u00eda la brecha de g\u00e9nero y evidencia c\u00f3mo las crisis financieras golpean con mayor fuerza a las mujeres.<\/p>\n<p>Como lo podemos ver en pa\u00edses latinoamericanos<\/p>\n<p>\u00b7<br \/>\nM\u00e9xico: El pago de deuda p\u00fablica ha limitado la<br \/>\ninversi\u00f3n en servicios de cuidado infantil y salud. Esto obliga a las mujeres a<br \/>\nasumir m\u00e1s trabajo no remunerado, reduciendo su participaci\u00f3n laboral.<\/p>\n<p>\u00b7<br \/>\nArgentina: La crisis de deuda y<br \/>\nlas pol\u00edticas de austeridad han recortado programas sociales, afectando<br \/>\nprincipalmente a mujeres en sectores de educaci\u00f3n y salud. El aumento de la<br \/>\npobreza femenina es un reflejo directo de estas medidas.<\/p>\n<p>\u00b7<br \/>\nBrasil: Los ajustes fiscales han debilitado el<br \/>\nsistema de salud p\u00fablica, incrementando la mortalidad materna y reduciendo el<br \/>\nacceso a servicios esenciales para las mujeres.<\/p>\n<p>\u00b7<br \/>\nColombia: La reducci\u00f3n del gasto<br \/>\nsocial ha impactado en programas de bienestar y cuidado comunitario,<br \/>\ntrasladando la carga nuevamente a los hogares, donde las mujeres absorben la<br \/>\nmayor parte.<\/p>\n<p>Impactos sociales y econ\u00f3micos<\/p>\n<p>\u00b7<br \/>\nTrabajo no remunerado: La reducci\u00f3n del gasto p\u00fablico<br \/>\nen salud y cuidado desplaza la responsabilidad hacia los hogares, recargando a<br \/>\nlas mujeres con tareas de cuidado invisibles.<\/p>\n<p>\u00b7<br \/>\nMortalidad materna: El informe<br \/>\nestima un aumento del 32,5% en la mortalidad materna, equivalente a 67 muertes<br \/>\nadicionales por cada 100.000 nacimientos.<\/p>\n<p>\u00b7<br \/>\nEsperanza de vida: Tanto mujeres como hombres ven<br \/>\nreducida su expectativa de vida, reflejo de la presi\u00f3n sobre los sistemas de<br \/>\nsalud.<\/p>\n<p>\u00b7<br \/>\nRetroceso en desarrollo: Estos<br \/>\nefectos representan una reversi\u00f3n de los avances en desarrollo humano, agravada<br \/>\npor crisis militares, energ\u00e9ticas e inflacionarias.<\/p>\n<p>La deuda como problema humano, no matem\u00e1tico<\/p>\n<p>Alexander De Croo, Administrador del PNUD, lo expres\u00f3 con contundencia: \u201cLa deuda soberana no es un problema matem\u00e1tico. Es un problema humano.\u201d<\/p>\n<p>Esta afirmaci\u00f3n sintetiza la cr\u00edtica central del informe: los pagos de deuda no solo limitan el espacio fiscal de los gobiernos, sino que obligan a recortar servicios sociales vitales, con el mayor costo para las mujeres. Detr\u00e1s de las cifras se esconden vidas truncadas, oportunidades perdidas y un retroceso en derechos fundamentales.<\/p>\n<p>En Am\u00e9rica Latina, este problema humano se traduce en retrocesos en equidad, salud y desarrollo. La deuda, lejos de ser un c\u00e1lculo financiero abstracto, se convierte en un mecanismo que profundiza desigualdades hist\u00f3ricas y golpea de manera desproporcionada a las mujeres, quienes cargan con la mayor parte de las consecuencias de los recortes sociales.<\/p>\n<p>La urgencia de un enfoque de g\u00e9nero en la gesti\u00f3n de deuda<\/p>\n<p>Raquel Lagunas, Directora Global de Igualdad de G\u00e9nero del PNUD, advierte con firmeza que cuando el gasto p\u00fablico se reduce para atender el pago de la deuda, \u201cson las<br \/>\nmujeres quienes pierden primero: sus empleos, sus servicios, su seguridad<br \/>\necon\u00f3mica.\u201d Esta afirmaci\u00f3n no es solo una advertencia, sino una denuncia de c\u00f3mo las pol\u00edticas financieras internacionales y nacionales reproducen desigualdades estructurales.<\/p>\n<p>El informe no<br \/>\nse limita a se\u00f1alar el problema: exige transformaciones profundas en la manera<br \/>\nen que los Estados gestionan sus compromisos financieros. La deuda, lejos de<br \/>\nser un asunto t\u00e9cnico, se convierte en un factor que define qui\u00e9n accede a<br \/>\nderechos y qui\u00e9n queda excluido.<\/p>\n<p>\u00b7<br \/>\nEvaluaciones de impacto de g\u00e9nero:<br \/>\nNo basta con calcular cifras macroecon\u00f3micas; cada decisi\u00f3n de endeudamiento<br \/>\ndebe analizar c\u00f3mo afecta de manera diferenciada a mujeres y hombres. Ignorar<br \/>\nesta dimensi\u00f3n perpet\u00faa un modelo econ\u00f3mico ciego a la desigualdad.<\/p>\n<p>\u00b7<br \/>\nPresupuestos con perspectiva de g\u00e9nero:<br \/>\nEl rastreo del impacto de la deuda en los ingresos, servicios y oportunidades<br \/>\nes indispensable para evitar que las mujeres sean las primeras en perder. Sin<br \/>\neste enfoque, los presupuestos se convierten en instrumentos de exclusi\u00f3n.<\/p>\n<p>\u00b7<br \/>\nProtecci\u00f3n de inversiones sociales:<br \/>\nSalvaguardar la infraestructura de cuidado y los servicios esenciales no es un<br \/>\nlujo, sino una condici\u00f3n para sostener econom\u00edas resilientes. Cuando se<br \/>\nrecortan estos servicios, la carga regresa a los hogares, y son las mujeres<br \/>\nquienes absorben el costo invisible.<\/p>\n<p>El informe del PNUD expone con claridad que la deuda soberana no es neutral: profundiza las desigualdades de g\u00e9nero y amenaza con revertir d\u00e9cadas de avances en desarrollo humano. La pregunta \u201c\u00bfQui\u00e9n paga el precio?\u201d tiene una respuesta inequ\u00edvoca: las mujeres, quienes enfrentan empleos perdidos, ingresos reducidos y una carga creciente de cuidados no remunerados.<\/p>\n<p>El PNUD lanza un llamado urgente: la deuda soberana no puede seguir trat\u00e1ndose como un simple c\u00e1lculo financiero. Es un asunto de justicia social y de equidad de g\u00e9nero. Las mujeres pagan el precio m\u00e1s alto en empleos, ingresos y vidas, mientras los sistemas de cuidado colapsan bajo el peso de los recortes.<\/p>\n<p>La gesti\u00f3n de la deuda debe dejar de ser un ejercicio meramente t\u00e9cnico y convertirse en una estrategia humana que priorice la igualdad, el bienestar y la resiliencia social. Reducir la deuda a cifras invisibiliza su verdadero costo: vidas truncadas, oportunidades perdidas y retrocesos en derechos fundamentales.<\/p>\n<p>La comunidad internacional enfrenta una disyuntiva cr\u00edtica: abandonar las pol\u00edticas de austeridad que profundizan la desigualdad o aceptar un futuro marcado por retrocesos en equidad y democracia. Apostar por estrategias de deuda que prioricen el empleo, el desarrollo humano y la igualdad de g\u00e9nero es indispensable.<\/p>\n<p>De lo contrario, Am\u00e9rica Latina y el mundo se ver\u00e1n atrapados en un retroceso hist\u00f3rico, donde los avances en derechos y desarrollo se desmoronan, y las mujeres contin\u00faan pagando el precio m\u00e1s alto.<\/p>\n<p>\u201cLa igualdad de g\u00e9nero no es solo un objetivo en s\u00ed mismo, es una condici\u00f3n previa para enfrentar los desaf\u00edos econ\u00f3micos y sociales.\u201d  Ban Ki-moon<\/p>\n<p>Dr. Am\u00edn Cruz, CEO, presidente y fundador del Congreso Hispanoamericano de Prensa y del Congreso Mundial de Prensa; Padre Embajador del Periodismo Hispanoamericano y Latinoamericano, diplom\u00e1tico, periodista, historiador, escritor y educador<\/p>\n","protected":false},"excerpt":{"rendered":"<p>Por: Dr. Am\u00edn Cruz | \u201cLa deuda externa es el mecanismo m\u00e1s eficaz de dominaci\u00f3n: convierte a los pueblos en esclavos de cifras y priva a las mujeres de sus derechos m\u00e1s b\u00e1sicos.\u201d Eduardo Galeano El peso invisible de la deuda sobre las mujeres El informe del PNUD \u00bfQui\u00e9n paga el precio? Desigualdad de g\u00e9nero [&hellip;]<\/p>\n","protected":false},"author":1,"featured_media":47079,"comment_status":"open","ping_status":"open","sticky":false,"template":"","format":"standard","meta":{"tdm_status":"","tdm_grid_status":"","footnotes":""},"categories":[53],"tags":[],"_links":{"self":[{"href":"https:\/\/pldaldia.com\/portada\/wp-json\/wp\/v2\/posts\/88536"}],"collection":[{"href":"https:\/\/pldaldia.com\/portada\/wp-json\/wp\/v2\/posts"}],"about":[{"href":"https:\/\/pldaldia.com\/portada\/wp-json\/wp\/v2\/types\/post"}],"author":[{"embeddable":true,"href":"https:\/\/pldaldia.com\/portada\/wp-json\/wp\/v2\/users\/1"}],"replies":[{"embeddable":true,"href":"https:\/\/pldaldia.com\/portada\/wp-json\/wp\/v2\/comments?post=88536"}],"version-history":[{"count":1,"href":"https:\/\/pldaldia.com\/portada\/wp-json\/wp\/v2\/posts\/88536\/revisions"}],"predecessor-version":[{"id":88537,"href":"https:\/\/pldaldia.com\/portada\/wp-json\/wp\/v2\/posts\/88536\/revisions\/88537"}],"wp:featuredmedia":[{"embeddable":true,"href":"https:\/\/pldaldia.com\/portada\/wp-json\/wp\/v2\/media\/47079"}],"wp:attachment":[{"href":"https:\/\/pldaldia.com\/portada\/wp-json\/wp\/v2\/media?parent=88536"}],"wp:term":[{"taxonomy":"category","embeddable":true,"href":"https:\/\/pldaldia.com\/portada\/wp-json\/wp\/v2\/categories?post=88536"},{"taxonomy":"post_tag","embeddable":true,"href":"https:\/\/pldaldia.com\/portada\/wp-json\/wp\/v2\/tags?post=88536"}],"curies":[{"name":"wp","href":"https:\/\/api.w.org\/{rel}","templated":true}]}}