{"id":88538,"date":"2026-05-12T11:43:48","date_gmt":"2026-05-12T15:43:48","guid":{"rendered":"https:\/\/pldaldia.com\/portada\/?p=88538"},"modified":"2026-05-12T11:43:48","modified_gmt":"2026-05-12T15:43:48","slug":"deterioro-del-sistema-fitosanitario","status":"publish","type":"post","link":"https:\/\/pldaldia.com\/portada\/deterioro-del-sistema-fitosanitario\/","title":{"rendered":"Deterioro del sistema fitosanitario"},"content":{"rendered":"<p>S\u00e1nchez Roa afirma que Rep\u00fablica Dominicana no tiene motivos para celebrar el \u201cD\u00eda Internacional de la Sanidad Vegetal\u201d por su grave deterioro.<\/p>\n<p>Adriano S\u00e1nchez Roa, titular de la Secretar\u00eda de Asuntos Agropecuarios del Partido de la Liberaci\u00f3n Dominicana (PLD), afirm\u00f3 que la Rep\u00fablica Dominicana llega este 12 de mayo, \u201cD\u00eda Internacional de la Sanidad Vegetal\u201d, sin razones para celebrar, debido al grave deterioro del sistema nacional de protecci\u00f3n fitosanitaria, sin que esto sea una preocupaci\u00f3n para el ministerio de Agricultura.<\/p>\n<p>Record\u00f3 que esta fecha fue instituida por la Organizaci\u00f3n de las Naciones Unidas para concienciar sobre la importancia de la salud vegetal, pero que las autoridades dominicanas no la han asimilado como herramienta para combatir el hambre, reducir la pobreza, proteger el medio ambiente y fortalecer el desarrollo agropecuario.<\/p>\n<p>S\u00e1nchez Roa asegura que en el pa\u00eds predomina una preocupante situaci\u00f3n de abandono institucional, evidenciada en la falta de cerca del 60% de los t\u00e9cnicos especialistas requeridos en los invernaderos, as\u00ed como en el deterioro de aproximadamente un 50% de los controles fitosanitarios en puertos y aeropuertos.<\/p>\n<p>Asimismo, se\u00f1al\u00f3 que en la frontera apenas opera el 10% del personal profesional necesario en sanidad vegetal, mientras alrededor del 65% de las zonas agropecuarias carece de servicios adecuados para prevenir y controlar plagas y enfermedades.<\/p>\n<p>El dirigente agropecuario denunci\u00f3 adem\u00e1s la inexistencia de centros de investigaci\u00f3n y validaci\u00f3n de tecnolog\u00edas e investigaciones extranjeras en sanidad vegetal, limitando la capacidad del pa\u00eds para responder eficazmente a amenazas fitosanitarias y garantizar la calidad exportable.<\/p>\n<p>S\u00e1nchez Roa advirti\u00f3 que las consecuencias ya afectan el comercio exterior dominicano. En ese sentido, destac\u00f3 que Puerto Rico suspendi\u00f3 importaciones de aguacate y algunos vegetales dominicanos, mientras mercados europeos muestran crecientes reservas ante productos que llegan deteriorados por deficiencias en tratamientos fitosanitarios y manejo postcosecha.<\/p>\n<p>El exsenador sostuvo que, de no implementarse con urgencia una pol\u00edtica seria de fortalecimiento institucional, inversi\u00f3n t\u00e9cnica y vigilancia fitosanitaria, la Rep\u00fablica Dominicana continuar\u00e1 perdiendo mercados, competitividad y oportunidades de desarrollo para miles de productores nacionales.<\/p>\n","protected":false},"excerpt":{"rendered":"<p>S\u00e1nchez Roa afirma que Rep\u00fablica Dominicana no tiene motivos para celebrar el \u201cD\u00eda Internacional de la Sanidad Vegetal\u201d por su grave deterioro. Adriano S\u00e1nchez Roa, titular de la Secretar\u00eda de Asuntos Agropecuarios del Partido de la Liberaci\u00f3n Dominicana (PLD), afirm\u00f3 que la Rep\u00fablica Dominicana llega este 12 de mayo, \u201cD\u00eda Internacional de la Sanidad Vegetal\u201d, [&hellip;]<\/p>\n","protected":false},"author":1,"featured_media":88539,"comment_status":"open","ping_status":"open","sticky":false,"template":"","format":"standard","meta":{"tdm_status":"","tdm_grid_status":"","footnotes":""},"categories":[9],"tags":[],"_links":{"self":[{"href":"https:\/\/pldaldia.com\/portada\/wp-json\/wp\/v2\/posts\/88538"}],"collection":[{"href":"https:\/\/pldaldia.com\/portada\/wp-json\/wp\/v2\/posts"}],"about":[{"href":"https:\/\/pldaldia.com\/portada\/wp-json\/wp\/v2\/types\/post"}],"author":[{"embeddable":true,"href":"https:\/\/pldaldia.com\/portada\/wp-json\/wp\/v2\/users\/1"}],"replies":[{"embeddable":true,"href":"https:\/\/pldaldia.com\/portada\/wp-json\/wp\/v2\/comments?post=88538"}],"version-history":[{"count":1,"href":"https:\/\/pldaldia.com\/portada\/wp-json\/wp\/v2\/posts\/88538\/revisions"}],"predecessor-version":[{"id":88540,"href":"https:\/\/pldaldia.com\/portada\/wp-json\/wp\/v2\/posts\/88538\/revisions\/88540"}],"wp:featuredmedia":[{"embeddable":true,"href":"https:\/\/pldaldia.com\/portada\/wp-json\/wp\/v2\/media\/88539"}],"wp:attachment":[{"href":"https:\/\/pldaldia.com\/portada\/wp-json\/wp\/v2\/media?parent=88538"}],"wp:term":[{"taxonomy":"category","embeddable":true,"href":"https:\/\/pldaldia.com\/portada\/wp-json\/wp\/v2\/categories?post=88538"},{"taxonomy":"post_tag","embeddable":true,"href":"https:\/\/pldaldia.com\/portada\/wp-json\/wp\/v2\/tags?post=88538"}],"curies":[{"name":"wp","href":"https:\/\/api.w.org\/{rel}","templated":true}]}}