{"id":88541,"date":"2026-05-12T11:49:19","date_gmt":"2026-05-12T15:49:19","guid":{"rendered":"https:\/\/pldaldia.com\/portada\/?p=88541"},"modified":"2026-05-12T12:40:24","modified_gmt":"2026-05-12T16:40:24","slug":"advertencia-de-los-regidores-del-pld-en-el-d-n","status":"publish","type":"post","link":"https:\/\/pldaldia.com\/portada\/advertencia-de-los-regidores-del-pld-en-el-d-n\/","title":{"rendered":"Advertencia de los regidores del PLD en el D. N. | Video"},"content":{"rendered":"<p>Vocero de los regidores del PLD en el DN sugiere limpiar imbornales.<\/p>\n<p>El vocero de los regidores del Partido de la Liberaci\u00f3n Dominicana (PLD) en el Distrito Nacional, Domingo Corniel, hizo un llamado a la administraci\u00f3n del cabildo para que desarrollen un programa de limpieza de imbornales, porque aproximadamente en menos de un mes se inicia la temporada cicl\u00f3nica.<\/p>\n<p>Corniel record\u00f3 que hemos tenido algunos eventos que no han sido favorables para la ciudad de Santo Domingo, como los casos ocurridos en noviembre de los a\u00f1os 2022, 2023 y marzo de 2026.<\/p>\n<p>El dirigente pelede\u00edsta urgi\u00f3 a las autoridades de la Alcald\u00eda del Distrito Nacional para que se active el sistema de prevenci\u00f3n de limpieza de imbornales de la ciudad.<\/p>\n<p>Domingo Corniel asegur\u00f3 que con la limpieza de imbornales de alg\u00fan modo se contribuye a mitigar el enorme flujo de agua que inunda las v\u00edas, sobre todo con el cambio clim\u00e1tico, y para que no se produzcan las tragedias que anteriormente han ocurrido en el Distrito Nacional.<\/p>\n<p>La temporada de huracanes en la Rep\u00fablica Dominicana se extiende oficialmente del 1 de junio al 30 de noviembre; siendo agosto y septiembre son los meses de mayor actividad cicl\u00f3nica y riesgo, debido a la formaci\u00f3n de tormentas.<\/p>\n<p><iframe loading=\"lazy\" src=\"https:\/\/www.facebook.com\/plugins\/video.php?height=476&#038;href=https%3A%2F%2Fwww.facebook.com%2Freel%2F35630538279923535%2F&#038;show_text=false&#038;width=267&#038;t=0\" width=\"267\" height=\"476\" style=\"border:none;overflow:hidden\" scrolling=\"no\" frameborder=\"0\" allowfullscreen=\"true\" allow=\"autoplay; clipboard-write; encrypted-media; picture-in-picture; web-share\" allowFullScreen=\"true\"><\/iframe><\/p>\n","protected":false},"excerpt":{"rendered":"<p>Vocero de los regidores del PLD en el DN sugiere limpiar imbornales. El vocero de los regidores del Partido de la Liberaci\u00f3n Dominicana (PLD) en el Distrito Nacional, Domingo Corniel, hizo un llamado a la administraci\u00f3n del cabildo para que desarrollen un programa de limpieza de imbornales, porque aproximadamente en menos de un mes se [&hellip;]<\/p>\n","protected":false},"author":1,"featured_media":88542,"comment_status":"open","ping_status":"open","sticky":false,"template":"","format":"standard","meta":{"tdm_status":"","tdm_grid_status":"","footnotes":""},"categories":[9],"tags":[],"_links":{"self":[{"href":"https:\/\/pldaldia.com\/portada\/wp-json\/wp\/v2\/posts\/88541"}],"collection":[{"href":"https:\/\/pldaldia.com\/portada\/wp-json\/wp\/v2\/posts"}],"about":[{"href":"https:\/\/pldaldia.com\/portada\/wp-json\/wp\/v2\/types\/post"}],"author":[{"embeddable":true,"href":"https:\/\/pldaldia.com\/portada\/wp-json\/wp\/v2\/users\/1"}],"replies":[{"embeddable":true,"href":"https:\/\/pldaldia.com\/portada\/wp-json\/wp\/v2\/comments?post=88541"}],"version-history":[{"count":3,"href":"https:\/\/pldaldia.com\/portada\/wp-json\/wp\/v2\/posts\/88541\/revisions"}],"predecessor-version":[{"id":88545,"href":"https:\/\/pldaldia.com\/portada\/wp-json\/wp\/v2\/posts\/88541\/revisions\/88545"}],"wp:featuredmedia":[{"embeddable":true,"href":"https:\/\/pldaldia.com\/portada\/wp-json\/wp\/v2\/media\/88542"}],"wp:attachment":[{"href":"https:\/\/pldaldia.com\/portada\/wp-json\/wp\/v2\/media?parent=88541"}],"wp:term":[{"taxonomy":"category","embeddable":true,"href":"https:\/\/pldaldia.com\/portada\/wp-json\/wp\/v2\/categories?post=88541"},{"taxonomy":"post_tag","embeddable":true,"href":"https:\/\/pldaldia.com\/portada\/wp-json\/wp\/v2\/tags?post=88541"}],"curies":[{"name":"wp","href":"https:\/\/api.w.org\/{rel}","templated":true}]}}