{"id":88546,"date":"2026-05-12T12:59:04","date_gmt":"2026-05-12T16:59:04","guid":{"rendered":"https:\/\/pldaldia.com\/portada\/?p=88546"},"modified":"2026-05-12T12:59:04","modified_gmt":"2026-05-12T16:59:04","slug":"solidaridad-e-inclusion-del-pld-en-santiago","status":"publish","type":"post","link":"https:\/\/pldaldia.com\/portada\/solidaridad-e-inclusion-del-pld-en-santiago\/","title":{"rendered":"Solidaridad e inclusi\u00f3n del PLD en Santiago"},"content":{"rendered":"<p>Secretar\u00eda de Participaci\u00f3n e Inclusi\u00f3n del PLD realiza labor social en Santiago.<\/p>\n<p>La Secretar\u00eda de Participaci\u00f3n e Inclusi\u00f3n del Partido de la Liberaci\u00f3n Dominicana (PLD) realiz\u00f3 una jornada comunitaria en la calle 19 del sector Pek\u00edn, en la ciudad de Santiago de los Caballeros.<\/p>\n<p>Cientos de personas participaron en la actividad de solidaridad, inclusi\u00f3n y asistencia social.<\/p>\n<p>Durante la jornada entregaron sillas de ruedas, muletas, materiales de osteos\u00edntesis, raciones alimenticias y canastillas para embarazadas, beneficiando a decenas de familias y, de manera especial, a personas con discapacidad y de escasos recursos econ\u00f3micos.<\/p>\n<p><a href=\"http:\/\/vanguardiadelpueblo.do\/wp-content\/uploads\/2026\/05\/e6bc82fd-6d6a-4803-9438-1f22fc7a1a0.jpg\"><img decoding=\"async\" loading=\"lazy\" class=\"alignright size-medium wp-image-239611\" src=\"http:\/\/vanguardiadelpueblo.do\/wp-content\/uploads\/2026\/05\/e6bc82fd-6d6a-4803-9438-1f22fc7a1a0-480x303.jpg\" alt=\"\" width=\"480\" height=\"303\" \/><\/a>El encuentro cont\u00f3 con una masiva presencia de dirigentes comunitarios, l\u00edderes sociales y representantes de distintos sectores de la demarcaci\u00f3n, quienes valoraron positivamente la iniciativa.<\/p>\n<p>La jornada la encabez\u00f3 Junior Fructuoso, titular de la Secretar\u00eda, junto a las Subsecretar\u00edas que le acompa\u00f1aban Arely Tapia y Janny Rosado.<\/p>\n<p>Tambi\u00e9n estuvieron presentes Jonael Hern\u00e1ndez, Herminio Garc\u00eda, Evaristo Estrella, Radham\u00e9s Jorge, Laudo Pe\u00f1a, Elvis Tavares, Carlos de Jes\u00fas Tavares, Jos\u00e9 Alberto Torres, Wilson Collado, Amauris Reyes y Luis Jos\u00e9 Est\u00e9vez, quienes reafirmaron el compromiso del partido con las causas sociales y la inclusi\u00f3n de los sectores m\u00e1s vulnerables de la sociedad dominicana.<\/p>\n<p>Asimismo, participaron dirigentes pol\u00edticos y comunitarios de toda la demarcaci\u00f3n electoral, quienes manifestaron su respaldo a este tipo de iniciativas orientadas al bienestar colectivo.<\/p>\n<p>Junior Fructuoso adelant\u00f3 que continuar\u00e1n desarrollando jornadas similares en distintos sectores de la provincia, con el prop\u00f3sito de llevar asistencia, inclusi\u00f3n y esperanza a quienes m\u00e1s lo necesitan.<\/p>\n","protected":false},"excerpt":{"rendered":"<p>Secretar\u00eda de Participaci\u00f3n e Inclusi\u00f3n del PLD realiza labor social en Santiago. La Secretar\u00eda de Participaci\u00f3n e Inclusi\u00f3n del Partido de la Liberaci\u00f3n Dominicana (PLD) realiz\u00f3 una jornada comunitaria en la calle 19 del sector Pek\u00edn, en la ciudad de Santiago de los Caballeros. Cientos de personas participaron en la actividad de solidaridad, inclusi\u00f3n y [&hellip;]<\/p>\n","protected":false},"author":1,"featured_media":88547,"comment_status":"open","ping_status":"open","sticky":false,"template":"","format":"standard","meta":{"tdm_status":"","tdm_grid_status":"","footnotes":""},"categories":[9],"tags":[],"_links":{"self":[{"href":"https:\/\/pldaldia.com\/portada\/wp-json\/wp\/v2\/posts\/88546"}],"collection":[{"href":"https:\/\/pldaldia.com\/portada\/wp-json\/wp\/v2\/posts"}],"about":[{"href":"https:\/\/pldaldia.com\/portada\/wp-json\/wp\/v2\/types\/post"}],"author":[{"embeddable":true,"href":"https:\/\/pldaldia.com\/portada\/wp-json\/wp\/v2\/users\/1"}],"replies":[{"embeddable":true,"href":"https:\/\/pldaldia.com\/portada\/wp-json\/wp\/v2\/comments?post=88546"}],"version-history":[{"count":1,"href":"https:\/\/pldaldia.com\/portada\/wp-json\/wp\/v2\/posts\/88546\/revisions"}],"predecessor-version":[{"id":88548,"href":"https:\/\/pldaldia.com\/portada\/wp-json\/wp\/v2\/posts\/88546\/revisions\/88548"}],"wp:featuredmedia":[{"embeddable":true,"href":"https:\/\/pldaldia.com\/portada\/wp-json\/wp\/v2\/media\/88547"}],"wp:attachment":[{"href":"https:\/\/pldaldia.com\/portada\/wp-json\/wp\/v2\/media?parent=88546"}],"wp:term":[{"taxonomy":"category","embeddable":true,"href":"https:\/\/pldaldia.com\/portada\/wp-json\/wp\/v2\/categories?post=88546"},{"taxonomy":"post_tag","embeddable":true,"href":"https:\/\/pldaldia.com\/portada\/wp-json\/wp\/v2\/tags?post=88546"}],"curies":[{"name":"wp","href":"https:\/\/api.w.org\/{rel}","templated":true}]}}