{"id":88557,"date":"2026-05-12T16:52:06","date_gmt":"2026-05-12T20:52:06","guid":{"rendered":"https:\/\/pldaldia.com\/portada\/?p=88557"},"modified":"2026-05-12T16:52:06","modified_gmt":"2026-05-12T20:52:06","slug":"el-informe-de-la-oim-y-la-migracion-en-america-latina-y-el-caribe-2","status":"publish","type":"post","link":"https:\/\/pldaldia.com\/portada\/el-informe-de-la-oim-y-la-migracion-en-america-latina-y-el-caribe-2\/","title":{"rendered":"El Informe de la OIM y La Migraci\u00f3n en Am\u00e9rica Latina y el Caribe"},"content":{"rendered":"<p>Por: Luis Fern\u00e1ndez | En un nuevo informe sobre la evoluci\u00f3n de la<br \/>\nmigraci\u00f3n en am\u00e9rica latina,la Organizaci\u00f3n<br \/>\nInternacional para las Migraciones (OIM),<br \/>\nanaliza las tendencias migratorias, que<br \/>\ninfluiran en los pr\u00f3ximos a\u00f1os en los<br \/>\ndesplazamientos de poblaci\u00f3n, en momentos<br \/>\nen que la migraci\u00f3n en la regi\u00f3n, se vuelve<br \/>\nmas compleja, dificil de predecir y ya no son<br \/>\ntan tradicionales los patrones, sino que son<br \/>\nm\u00e1s diversos.<\/p>\n<p>El informe titulado, \u201cProspectiva Estrat\u00e9gica Panorama Multipa\u00eds de<br \/>\nAm\u00e9rica Latina y el Caribe 2025-2028\u201d, analiza c\u00f3mo est\u00e1n<br \/>\nevolucionando las din\u00e1micas migratorias e identifica tendencias<br \/>\nemergentes que influir\u00e1n en los movimientos de poblaci\u00f3n en los<br \/>\npr\u00f3ximos a\u00f1os, m\u00e1s all\u00e1 de identificar riesgos, el informe busca<br \/>\nfortalecer la capacidad de anticipaci\u00f3n en la toma de decisiones.<br \/>\nLa Directora Regional Adjunta de la OIM para Am\u00e9rica Latina y el<br \/>\nCaribe Ana Dur\u00e1n Salvatierra se\u00f1al\u00f3, \u201cNo se trata de predecir el<br \/>\nfuturo, sino de prepararnos para distintos escenarios posibles\u201d,\u201cEn un<br \/>\nentorno que cambia r\u00e1pidamente, la anticipaci\u00f3n es esencial para una<br \/>\ngobernanza migratoria eficaz. La migraci\u00f3n seguir\u00e1 evolucionando. La<br \/>\npregunta clave es si reaccionamos demasiado tarde o si nos<br \/>\npreparamos con antelaci\u00f3n\u201d.<\/p>\n<p>El documento de la OIM advierte del impacto creciente del crimen<br \/>\norganizado, el endurecimiento de las pol\u00edticas migratorias, el<br \/>\naumento de las deportaciones y la mayor exposici\u00f3n a fen\u00f3menos<br \/>\nmeteorol\u00f3gicos extremos como factores determinantes de las<br \/>\ndin\u00e1micas migratorias futuras, lo que genera un entorno migratorio<br \/>\nm\u00e1s vol\u00e1til y complejo, donde m\u00faltiples factores impulsan<br \/>\nsimult\u00e1neamente los flujos migratorios.<\/p>\n<p>El informe se\u00f1ala que las din\u00e1micas migratorias de la regi\u00f3n est\u00e1n<br \/>\nevolucionando r\u00e1pidamente y recuerda que actualmente residen en<br \/>\nlas Am\u00e9ricas 78,7 millones de personas migrantes internacionales,<br \/>\ndestaca ademas que entre 2024 y 2025 m\u00e1s de 1,2 millones de<br \/>\npersonas atravesaron la peligrosa selva del Dari\u00e9n en Panam\u00e1<br \/>\nprincipalmente personas venezolanas, colombianas y ecuatorianas.<\/p>\n<p>Adem\u00e1s se registraron 14,5 millones de desplazamientos internos en<br \/>\nlas americas, m\u00e1s del 60% de estos vinculados a conflictos y<br \/>\nviolencia que se produjeron en Hait\u00ed, en lo que se incluye el<br \/>\ndesplazamiento de mas de 6,9 millones de personas venezolanas<br \/>\nviviendo en Am\u00e9rica Latina y el Caribe, principalmente en Colombia,<br \/>\nPer\u00fa, Brasil, Chile y Ecuador.<\/p>\n<p>En Am\u00e9rica Latina todas estas situaciones que se\u00f1ala el informe de la<br \/>\nOIM, estan redefiniendo los movimientos de poblaci\u00f3n y las rutas<br \/>\nmigratorias, lo que est\u00e1 produciendo transformaciones importantes,<br \/>\nprovocadas por la disminuci\u00f3n de los flujos hacia los Estados Unidos y<br \/>\npor el Darien, aumento de los retornos hacia Sudam\u00e9rica, nuevas<br \/>\nrutas internas regionales y aumento de los retornos voluntarios y<br \/>\nforzados.<\/p>\n<p>El documento presenta un panorama de desigualdades persistentes<br \/>\nen Am\u00e9rica Latina, desempleo juvenil, informalidad laboral y<br \/>\nreducci\u00f3n del financiamiento humanitario internacional, lo que hace<br \/>\nque las vulnerabilidades sociales contin\u00faen aumentando, lo que<br \/>\npodr\u00eda dejar sin apoyo esencial a millones de personas migrantes y<br \/>\ndesplazadas y favorecer nuevas migraciones y aumento de pobreza.<\/p>\n<p>A traves de este analisis regional la OIM busca apoyar a los gobiernos<br \/>\ny comunidades de la regi\u00f3n, a que esten mejor informados y puedan<br \/>\nfortalecer su capacidad de aplicaci\u00f3n de pol\u00edticas p\u00fablicas m\u00e1s<br \/>\noportunas, en un contexto marcado por la incertidumbre, que<br \/>\nnecesita de medidas que eviten la migraci\u00f3n irregular y la utilizaci\u00f3n<br \/>\nde los migrantes de rutas de alto riesgo, donde crecen los peligros de<br \/>\nviolencia, secuestro, explotaci\u00f3n y abusos.<\/p>\n<p>La migraci\u00f3n en Am\u00e9rica latina seg\u00fan el informe ha dejado de ser un<br \/>\nfen\u00f3meno temporal y se ha convertido en un elemento permanente<br \/>\nde la realidad econ\u00f3mica, social y pol\u00edtica regional, lo que aumenta la<br \/>\npresi\u00f3n para modernizar los sistemas migratorios y crear mecanismos<br \/>\nregionales coordinados, que protejan los derechos humanos y una<br \/>\nmejor gobernanza migratoria regional.<\/p>\n<p>Am\u00e9rica Latina tiene la necesidad de construir politicas migratorias<br \/>\nhumanas y ordenadas, controles fronterizos modernos, estrategias<br \/>\ncontra los discursos de odio y discriminaci\u00f3n y coordinaci\u00f3n regional<br \/>\neficiente, que disminuya la migraci\u00f3n irregular y que las personas<br \/>\nmigrantes, utilicen rutas de alto riesgo, donde crecen los peligros de<br \/>\nviolencia, secuestro, explotaci\u00f3n y abusos.<\/p>\n<p>El informe de la OIM sobre Migraci\u00f3n en Am\u00e9rica Latina y el Caribe<br \/>\n2025-2028, es un importante aporte para comprender, el complejo y<br \/>\ndin\u00e1mico fenomeno migratorio en la regi\u00f3n, un esfuerzo con datos<br \/>\nconcretos sobre migraci\u00f3n irregular y crisis humanitarias y un<\/p>\n<p>llamado a la integraci\u00f3n, protecci\u00f3n a los derechos humanos y a<br \/>\nfortalecer la planificaci\u00f3n estatal y la cooperaci\u00f3n regional.<\/p>\n","protected":false},"excerpt":{"rendered":"<p>Por: Luis Fern\u00e1ndez | En un nuevo informe sobre la evoluci\u00f3n de la migraci\u00f3n en am\u00e9rica latina,la Organizaci\u00f3n Internacional para las Migraciones (OIM), analiza las tendencias migratorias, que influiran en los pr\u00f3ximos a\u00f1os en los desplazamientos de poblaci\u00f3n, en momentos en que la migraci\u00f3n en la regi\u00f3n, se vuelve mas compleja, dificil de predecir y [&hellip;]<\/p>\n","protected":false},"author":1,"featured_media":65184,"comment_status":"open","ping_status":"open","sticky":false,"template":"","format":"standard","meta":{"tdm_status":"","tdm_grid_status":"","footnotes":""},"categories":[53],"tags":[],"_links":{"self":[{"href":"https:\/\/pldaldia.com\/portada\/wp-json\/wp\/v2\/posts\/88557"}],"collection":[{"href":"https:\/\/pldaldia.com\/portada\/wp-json\/wp\/v2\/posts"}],"about":[{"href":"https:\/\/pldaldia.com\/portada\/wp-json\/wp\/v2\/types\/post"}],"author":[{"embeddable":true,"href":"https:\/\/pldaldia.com\/portada\/wp-json\/wp\/v2\/users\/1"}],"replies":[{"embeddable":true,"href":"https:\/\/pldaldia.com\/portada\/wp-json\/wp\/v2\/comments?post=88557"}],"version-history":[{"count":1,"href":"https:\/\/pldaldia.com\/portada\/wp-json\/wp\/v2\/posts\/88557\/revisions"}],"predecessor-version":[{"id":88558,"href":"https:\/\/pldaldia.com\/portada\/wp-json\/wp\/v2\/posts\/88557\/revisions\/88558"}],"wp:featuredmedia":[{"embeddable":true,"href":"https:\/\/pldaldia.com\/portada\/wp-json\/wp\/v2\/media\/65184"}],"wp:attachment":[{"href":"https:\/\/pldaldia.com\/portada\/wp-json\/wp\/v2\/media?parent=88557"}],"wp:term":[{"taxonomy":"category","embeddable":true,"href":"https:\/\/pldaldia.com\/portada\/wp-json\/wp\/v2\/categories?post=88557"},{"taxonomy":"post_tag","embeddable":true,"href":"https:\/\/pldaldia.com\/portada\/wp-json\/wp\/v2\/tags?post=88557"}],"curies":[{"name":"wp","href":"https:\/\/api.w.org\/{rel}","templated":true}]}}