{"id":88563,"date":"2026-05-12T23:15:04","date_gmt":"2026-05-13T03:15:04","guid":{"rendered":"https:\/\/pldaldia.com\/portada\/?p=88563"},"modified":"2026-05-12T23:15:04","modified_gmt":"2026-05-13T03:15:04","slug":"dia-mundial-del-entrenador-de-futbol-3","status":"publish","type":"post","link":"https:\/\/pldaldia.com\/portada\/dia-mundial-del-entrenador-de-futbol-3\/","title":{"rendered":"D\u00eda Mundial del Entrenador de F\u00fatbol"},"content":{"rendered":"<p>El 13 de mayo se celebra el D\u00eda Mundial del Entrenador de F\u00fatbol, para homenajear a un miembro clave dentro de un equipo de f\u00fatbol: el entrenador.<\/p>\n","protected":false},"excerpt":{"rendered":"<p>El 13 de mayo se celebra el D\u00eda Mundial del Entrenador de F\u00fatbol, para homenajear a un miembro clave dentro de un equipo de f\u00fatbol: el entrenador.<\/p>\n","protected":false},"author":1,"featured_media":88564,"comment_status":"open","ping_status":"open","sticky":false,"template":"","format":"standard","meta":{"tdm_status":"","tdm_grid_status":"","footnotes":""},"categories":[57],"tags":[],"_links":{"self":[{"href":"https:\/\/pldaldia.com\/portada\/wp-json\/wp\/v2\/posts\/88563"}],"collection":[{"href":"https:\/\/pldaldia.com\/portada\/wp-json\/wp\/v2\/posts"}],"about":[{"href":"https:\/\/pldaldia.com\/portada\/wp-json\/wp\/v2\/types\/post"}],"author":[{"embeddable":true,"href":"https:\/\/pldaldia.com\/portada\/wp-json\/wp\/v2\/users\/1"}],"replies":[{"embeddable":true,"href":"https:\/\/pldaldia.com\/portada\/wp-json\/wp\/v2\/comments?post=88563"}],"version-history":[{"count":1,"href":"https:\/\/pldaldia.com\/portada\/wp-json\/wp\/v2\/posts\/88563\/revisions"}],"predecessor-version":[{"id":88565,"href":"https:\/\/pldaldia.com\/portada\/wp-json\/wp\/v2\/posts\/88563\/revisions\/88565"}],"wp:featuredmedia":[{"embeddable":true,"href":"https:\/\/pldaldia.com\/portada\/wp-json\/wp\/v2\/media\/88564"}],"wp:attachment":[{"href":"https:\/\/pldaldia.com\/portada\/wp-json\/wp\/v2\/media?parent=88563"}],"wp:term":[{"taxonomy":"category","embeddable":true,"href":"https:\/\/pldaldia.com\/portada\/wp-json\/wp\/v2\/categories?post=88563"},{"taxonomy":"post_tag","embeddable":true,"href":"https:\/\/pldaldia.com\/portada\/wp-json\/wp\/v2\/tags?post=88563"}],"curies":[{"name":"wp","href":"https:\/\/api.w.org\/{rel}","templated":true}]}}