{"id":88570,"date":"2026-05-13T10:02:32","date_gmt":"2026-05-13T14:02:32","guid":{"rendered":"https:\/\/pldaldia.com\/portada\/?p=88570"},"modified":"2026-05-13T10:02:32","modified_gmt":"2026-05-13T14:02:32","slug":"el-camino-de-los-pueblos-fue-trasado-en-el-romero-de-san-juan","status":"publish","type":"post","link":"https:\/\/pldaldia.com\/portada\/el-camino-de-los-pueblos-fue-trasado-en-el-romero-de-san-juan\/","title":{"rendered":"El camino de los pueblos fue trasado en El Romero de San Juan"},"content":{"rendered":"<p>Por: Santo Salvador Cuevas | Desde hace a\u00f1os el gobierno central viene acariciando la idea de explotar con mineras insaciables el territorio monta\u00f1oso conocido como El Romero en San Juan de la Maguana.<\/p>\n<p>Sin escruoulos, sin valorar en lo m\u00e1s minimo el impacto negativo que va afectar la vida de toda una regi\u00f3n.<\/p>\n<p>Oro, mucho oro y dinero a montones sacado de El Romero, aun sabiendo (por que se ha explicado de mil maneras) que con dicha explotaci\u00f3n minera, se afectar\u00e1n las aguas potables imprescindible para la vida de los moradores en las provincias de San Juan, Azua, Bahoruco, Barahona e Independencia.<\/p>\n<p>Las aguas que dan vida a toda la regi\u00f3n ser\u00e1n envenenadas, y no servir\u00e1n tampoco para el regado de la agropecuaria que genera a los mercados de la capital el platano, yucas, \u00f1ames, batatas, auyamas, habichuelas, guandules, ma\u00edz, frutas, etc. <\/p>\n<p>Es decir, si privilegian la miner\u00eda, estar\u00edan decretando la migraci\u00f3n de los habitantes de toda la regi\u00f3n hacia lugares en donde haya agua potable sin la cual no se puede vivir.<\/p>\n<p>La resistencia de los Sanjuaneros con apoya moral de todo el pa\u00eds, no solo beneficia a la provincia de San Juan sino a toda la regi\u00f3n y el pa\u00eds.<\/p>\n<p>Para lograr parar al gobierno y sus sed por el oro y los millones, fue necesario resistir, luchar y movilizarse en masa, dando la se\u00f1al bien clara de que para defender la vida, hay que actuar, unirse y luchar sin vacilaci\u00f3n y con la determinaci\u00f3n de que \u00abSolo el pueblo salva al pueblo\u00bb.<\/p>\n<p>La decisi\u00f3n del gobierno de ordenar parar la explotaci\u00f3n minera en San Juan, m\u00e1s que el inter\u00e9s de resolver el problema, podr\u00eda responder a un movimiento circunstancial, para ganar tiempo y esperar el momento oportuno de saciar su sed por el oro y las millonadas, toda vez que los moradores de la monta\u00f1a de El Romero, denuncian que de nada ha servido la intervencion del presidente de la Rep\u00fablica, por los due\u00f1os de la minera siguen impacible explotando en la monta\u00f1a de El Romero.<\/p>\n<p>La vigilancia se impone, como tambien se impone fortalecer los canales de unidad y lucha social.<\/p>\n","protected":false},"excerpt":{"rendered":"<p>Por: Santo Salvador Cuevas | Desde hace a\u00f1os el gobierno central viene acariciando la idea de explotar con mineras insaciables el territorio monta\u00f1oso conocido como El Romero en San Juan de la Maguana. Sin escruoulos, sin valorar en lo m\u00e1s minimo el impacto negativo que va afectar la vida de toda una regi\u00f3n. Oro, mucho [&hellip;]<\/p>\n","protected":false},"author":1,"featured_media":75570,"comment_status":"open","ping_status":"open","sticky":false,"template":"","format":"standard","meta":{"tdm_status":"","tdm_grid_status":"","footnotes":""},"categories":[53],"tags":[],"_links":{"self":[{"href":"https:\/\/pldaldia.com\/portada\/wp-json\/wp\/v2\/posts\/88570"}],"collection":[{"href":"https:\/\/pldaldia.com\/portada\/wp-json\/wp\/v2\/posts"}],"about":[{"href":"https:\/\/pldaldia.com\/portada\/wp-json\/wp\/v2\/types\/post"}],"author":[{"embeddable":true,"href":"https:\/\/pldaldia.com\/portada\/wp-json\/wp\/v2\/users\/1"}],"replies":[{"embeddable":true,"href":"https:\/\/pldaldia.com\/portada\/wp-json\/wp\/v2\/comments?post=88570"}],"version-history":[{"count":1,"href":"https:\/\/pldaldia.com\/portada\/wp-json\/wp\/v2\/posts\/88570\/revisions"}],"predecessor-version":[{"id":88571,"href":"https:\/\/pldaldia.com\/portada\/wp-json\/wp\/v2\/posts\/88570\/revisions\/88571"}],"wp:featuredmedia":[{"embeddable":true,"href":"https:\/\/pldaldia.com\/portada\/wp-json\/wp\/v2\/media\/75570"}],"wp:attachment":[{"href":"https:\/\/pldaldia.com\/portada\/wp-json\/wp\/v2\/media?parent=88570"}],"wp:term":[{"taxonomy":"category","embeddable":true,"href":"https:\/\/pldaldia.com\/portada\/wp-json\/wp\/v2\/categories?post=88570"},{"taxonomy":"post_tag","embeddable":true,"href":"https:\/\/pldaldia.com\/portada\/wp-json\/wp\/v2\/tags?post=88570"}],"curies":[{"name":"wp","href":"https:\/\/api.w.org\/{rel}","templated":true}]}}