{"id":88572,"date":"2026-05-13T10:41:31","date_gmt":"2026-05-13T14:41:31","guid":{"rendered":"https:\/\/pldaldia.com\/portada\/?p=88572"},"modified":"2026-05-13T10:41:31","modified_gmt":"2026-05-13T14:41:31","slug":"maestros-del-pld-en-san-jose-de-ocoa","status":"publish","type":"post","link":"https:\/\/pldaldia.com\/portada\/maestros-del-pld-en-san-jose-de-ocoa\/","title":{"rendered":"Maestros del PLD en San Jos\u00e9 de Ocoa"},"content":{"rendered":"<p>Reestructuran la direcci\u00f3n de la Corriente Magisterial Eugenio Mar\u00eda de Hostos del PLD en San Jos\u00e9 de Ocoa<\/p>\n<p>Los maestros y maestras pelede\u00edsta en la provincia San Jos\u00e9 de Ocoa reestructuraron la direcci\u00f3n de la corriente magisterial Eugenio Mar\u00eda de Hostos, dando cumplimiento al Plan de Trabajo de la Secretar\u00eda de Asuntos Magisteriales y la direcci\u00f3n nacional de la corriente.<\/p>\n<p><a href=\"http:\/\/vanguardiadelpueblo.do\/wp-content\/uploads\/2026\/05\/a7a516b4-bb38-425b-89e4-e1161271e9eb.jpg\"><img decoding=\"async\" loading=\"lazy\" class=\"alignright size-medium wp-image-239662\" src=\"http:\/\/vanguardiadelpueblo.do\/wp-content\/uploads\/2026\/05\/a7a516b4-bb38-425b-89e4-e1161271e9eb-480x193.jpg\" alt=\"\" width=\"480\" height=\"193\" \/><\/a>En un encuentro realizado en el municipio cabecera, que cont\u00f3 con la participaci\u00f3n del profesor Ram\u00f3n Mord\u00e1n, presidente provincial del PLD y Bienvenido Santana, presidente municipal, la subsecretar\u00eda de Asuntos magisteriales, Rafaela O. Nova en representaci\u00f3n del titular de dicha secretar\u00eda y miembro del Comit\u00e9 Pol\u00edtico del PLD, el profesor Radhames Camacho, procedi\u00f3 a juramentar el nuevo equipo de direcci\u00f3n.<\/p>\n<p>Profesores del municipio Sabana Larga y los distritos municipales: El Naranjal, La Ci\u00e9naga y El Pinal participaron de la actividad que marca el fortalecimiento org\u00e1nico de la estructura magisterial y del PLD.<\/p>\n<p>Con la integraci\u00f3n y juramentaci\u00f3n del equipo directivo de la corriente Eugenio Mar\u00eda de Hostos en San Jos\u00e9 de Ocoa, adem\u00e1s de fortalecer la corriente, se fortalece el trabajo del magisterio pelede\u00edsta en defensa de la educaci\u00f3n p\u00fablica y de calidad.<\/p>\n","protected":false},"excerpt":{"rendered":"<p>Reestructuran la direcci\u00f3n de la Corriente Magisterial Eugenio Mar\u00eda de Hostos del PLD en San Jos\u00e9 de Ocoa Los maestros y maestras pelede\u00edsta en la provincia San Jos\u00e9 de Ocoa reestructuraron la direcci\u00f3n de la corriente magisterial Eugenio Mar\u00eda de Hostos, dando cumplimiento al Plan de Trabajo de la Secretar\u00eda de Asuntos Magisteriales y la [&hellip;]<\/p>\n","protected":false},"author":1,"featured_media":88573,"comment_status":"open","ping_status":"open","sticky":false,"template":"","format":"standard","meta":{"tdm_status":"","tdm_grid_status":"","footnotes":""},"categories":[9],"tags":[],"_links":{"self":[{"href":"https:\/\/pldaldia.com\/portada\/wp-json\/wp\/v2\/posts\/88572"}],"collection":[{"href":"https:\/\/pldaldia.com\/portada\/wp-json\/wp\/v2\/posts"}],"about":[{"href":"https:\/\/pldaldia.com\/portada\/wp-json\/wp\/v2\/types\/post"}],"author":[{"embeddable":true,"href":"https:\/\/pldaldia.com\/portada\/wp-json\/wp\/v2\/users\/1"}],"replies":[{"embeddable":true,"href":"https:\/\/pldaldia.com\/portada\/wp-json\/wp\/v2\/comments?post=88572"}],"version-history":[{"count":1,"href":"https:\/\/pldaldia.com\/portada\/wp-json\/wp\/v2\/posts\/88572\/revisions"}],"predecessor-version":[{"id":88574,"href":"https:\/\/pldaldia.com\/portada\/wp-json\/wp\/v2\/posts\/88572\/revisions\/88574"}],"wp:featuredmedia":[{"embeddable":true,"href":"https:\/\/pldaldia.com\/portada\/wp-json\/wp\/v2\/media\/88573"}],"wp:attachment":[{"href":"https:\/\/pldaldia.com\/portada\/wp-json\/wp\/v2\/media?parent=88572"}],"wp:term":[{"taxonomy":"category","embeddable":true,"href":"https:\/\/pldaldia.com\/portada\/wp-json\/wp\/v2\/categories?post=88572"},{"taxonomy":"post_tag","embeddable":true,"href":"https:\/\/pldaldia.com\/portada\/wp-json\/wp\/v2\/tags?post=88572"}],"curies":[{"name":"wp","href":"https:\/\/api.w.org\/{rel}","templated":true}]}}