{"id":88578,"date":"2026-05-13T11:28:34","date_gmt":"2026-05-13T15:28:34","guid":{"rendered":"https:\/\/pldaldia.com\/portada\/?p=88578"},"modified":"2026-05-13T11:28:34","modified_gmt":"2026-05-13T15:28:34","slug":"pld-en-santo-domingo-este-exhibe-fortaleza","status":"publish","type":"post","link":"https:\/\/pldaldia.com\/portada\/pld-en-santo-domingo-este-exhibe-fortaleza\/","title":{"rendered":"PLD en Santo Domingo Este exhibe fortaleza"},"content":{"rendered":"<p>Johnny Pujols, secretario general del PLD, afirma que esa organizaci\u00f3n ganar\u00e1 indiscutiblemente las elecciones de 2028<\/p>\n<p>Sustentado en el trabajo de sus miembros y militantes, el Partido de la Liberaci\u00f3n Dominicana (PLD) se proyecta como el ganador de las elecciones del a\u00f1o 2028.<\/p>\n<p><a href=\"http:\/\/vanguardiadelpueblo.do\/wp-content\/uploads\/2026\/05\/747805fc-208f-47bc-a127-4ba90ee5bc25.jpg\"><img decoding=\"async\" loading=\"lazy\" class=\"alignleft size-medium wp-image-239670\" src=\"http:\/\/vanguardiadelpueblo.do\/wp-content\/uploads\/2026\/05\/747805fc-208f-47bc-a127-4ba90ee5bc25-480x289.jpg\" alt=\"\" width=\"480\" height=\"289\" \/><\/a>\u201cEs el Partido que va a ganar las elecciones del a\u00f1o 2028, como resultado del intenso trabajo que se realiza, una consistente oposici\u00f3n y de acompa\u00f1amiento al pueblo dominicano en sus necesidades\u201d, respondi\u00f3 Pujols a los comunicadores que le abordaron en el municipio Santo Domingo Este en donde presidi\u00f3 una asamblea de la organizaci\u00f3n en la Circunscripci\u00f3n Electoral n\u00famero Dos (2).<\/p>\n<p>Al responder su opini\u00f3n sobre las encuestas de reci\u00e9n publicaci\u00f3n dijo que las mismas evidencian un reposicionamiento y crecimiento sostenido del PLD y los anhelos para que vuelva a gobernar.<\/p>\n<p>Pujols afirm\u00f3 que el PLD es la \u00fanica organizaci\u00f3n pol\u00edtica que ha logrado duplicar las mediciones registradas hace un a\u00f1o, situaci\u00f3n que atribuy\u00f3 al trabajo opositor realizado y al acompa\u00f1amiento a las necesidades de la poblaci\u00f3n dominicana.<\/p>\n<p><a href=\"http:\/\/vanguardiadelpueblo.do\/wp-content\/uploads\/2026\/05\/05b778ad-b836-40a5-a74f-9ce86a9fac48.jpg\"><img decoding=\"async\" loading=\"lazy\" class=\"alignright size-medium wp-image-239668\" src=\"http:\/\/vanguardiadelpueblo.do\/wp-content\/uploads\/2026\/05\/05b778ad-b836-40a5-a74f-9ce86a9fac48-480x245.jpg\" alt=\"\" width=\"480\" height=\"245\" \/><\/a>Sostuvo que el crecimiento reflejado en las encuestas responde tambi\u00e9n a la valoraci\u00f3n positiva que mantiene la ciudadan\u00eda sobre las gestiones de gobierno del PLD y, en particular, sobre el gobierno encabezado por el presidente Danilo Medina.<\/p>\n<p>La asamblea que se desarroll\u00f3 con el local del hist\u00f3rico Comit\u00e9 Intermedio Gregorio Luper\u00f3n, totalmente abarrotado, forma parte de una serie de encuentros organizados por el Partido en la implementaci\u00f3n de su nueva L\u00ednea Organizativa y Electoral.<\/p>\n<p>Acompa\u00f1aron a Johnny Pujols en la mesa directiva del encuentro Cristina Lizardo, presidenta provincial, Luis Alberto Tejeda, Alexis Lantigua, Richard Medina, supervisor de Enlaces y Sim\u00f3n Lizardo, miembros del Comit\u00e9 Pol\u00edtico, Secundino Bautista. Presidente en funciones circunscripci\u00f3n n\u00famero dos. Luis Armando Asunci\u00f3n. Enlace. Luis Henr\u00edquez, vicesecretario general, los regidores Miguel \u00c1ngel Rosario y Lennin Caminero y Ram\u00f3n Cabrera, entre otros miembros del Comit\u00e9 Central de all\u00ed.<\/p>\n<p><a href=\"http:\/\/vanguardiadelpueblo.do\/wp-content\/uploads\/2026\/05\/85d8863b-6c75-4f1f-a2b0-7a6fe0d74227.jpg\"><img decoding=\"async\" loading=\"lazy\" class=\"size-medium wp-image-239669 alignleft\" src=\"http:\/\/vanguardiadelpueblo.do\/wp-content\/uploads\/2026\/05\/85d8863b-6c75-4f1f-a2b0-7a6fe0d74227-480x277.jpg\" alt=\"\" width=\"480\" height=\"277\" \/><\/a>Le correspondi\u00f3 a Johnny Pujols cerrar el encuentro con unas palabras en la que destac\u00f3 que el PLD atraviesa un momento de entusiasmo y dinamismo entre su dirigencia y militancia, que debe continuar y doblar el trabajo.<\/p>\n<p>Adem\u00e1s de Pujol, hablaron en el acto Secundino Bautista. Presidente en funciones de la Circunscripci\u00f3n y Cristina Lizardo, presidenta provincial.<\/p>\n","protected":false},"excerpt":{"rendered":"<p>Johnny Pujols, secretario general del PLD, afirma que esa organizaci\u00f3n ganar\u00e1 indiscutiblemente las elecciones de 2028 Sustentado en el trabajo de sus miembros y militantes, el Partido de la Liberaci\u00f3n Dominicana (PLD) se proyecta como el ganador de las elecciones del a\u00f1o 2028. \u201cEs el Partido que va a ganar las elecciones del a\u00f1o 2028, [&hellip;]<\/p>\n","protected":false},"author":1,"featured_media":88579,"comment_status":"open","ping_status":"open","sticky":false,"template":"","format":"standard","meta":{"tdm_status":"","tdm_grid_status":"","footnotes":""},"categories":[9],"tags":[],"_links":{"self":[{"href":"https:\/\/pldaldia.com\/portada\/wp-json\/wp\/v2\/posts\/88578"}],"collection":[{"href":"https:\/\/pldaldia.com\/portada\/wp-json\/wp\/v2\/posts"}],"about":[{"href":"https:\/\/pldaldia.com\/portada\/wp-json\/wp\/v2\/types\/post"}],"author":[{"embeddable":true,"href":"https:\/\/pldaldia.com\/portada\/wp-json\/wp\/v2\/users\/1"}],"replies":[{"embeddable":true,"href":"https:\/\/pldaldia.com\/portada\/wp-json\/wp\/v2\/comments?post=88578"}],"version-history":[{"count":1,"href":"https:\/\/pldaldia.com\/portada\/wp-json\/wp\/v2\/posts\/88578\/revisions"}],"predecessor-version":[{"id":88580,"href":"https:\/\/pldaldia.com\/portada\/wp-json\/wp\/v2\/posts\/88578\/revisions\/88580"}],"wp:featuredmedia":[{"embeddable":true,"href":"https:\/\/pldaldia.com\/portada\/wp-json\/wp\/v2\/media\/88579"}],"wp:attachment":[{"href":"https:\/\/pldaldia.com\/portada\/wp-json\/wp\/v2\/media?parent=88578"}],"wp:term":[{"taxonomy":"category","embeddable":true,"href":"https:\/\/pldaldia.com\/portada\/wp-json\/wp\/v2\/categories?post=88578"},{"taxonomy":"post_tag","embeddable":true,"href":"https:\/\/pldaldia.com\/portada\/wp-json\/wp\/v2\/tags?post=88578"}],"curies":[{"name":"wp","href":"https:\/\/api.w.org\/{rel}","templated":true}]}}