{"id":88591,"date":"2026-05-13T22:34:07","date_gmt":"2026-05-14T02:34:07","guid":{"rendered":"https:\/\/pldaldia.com\/portada\/?p=88591"},"modified":"2026-05-13T22:34:07","modified_gmt":"2026-05-14T02:34:07","slug":"panorama-economico-sombrio","status":"publish","type":"post","link":"https:\/\/pldaldia.com\/portada\/panorama-economico-sombrio\/","title":{"rendered":"Panorama econ\u00f3mico sombr\u00edo"},"content":{"rendered":"<p>La m\u00e1s reciente encuesta Gallup-Diario Libre indica que los dominicanos observan la econom\u00eda con creciente pesimismo<\/p>\n<p>Un 62.9 % considera negativa la situaci\u00f3n econ\u00f3mica del pa\u00eds: 22 % la define como \u00abmuy mala\u00bb y 40.9 % como \u00abmala\u00bb.<\/p>\n<p>Apenas un 21.6 % entiende que la econom\u00eda nacional es buena o muy buena.<\/p>\n<p>\u201ccuando la pregunta abandona el terreno nacional y entra en la vida privada, el panorama cambia ligeramente. La valoraci\u00f3n negativa de la situaci\u00f3n econ\u00f3mica personal desciende a 43.9 %, mientras las opiniones positivas suben a 30 %.\u201d, se explica en la rese\u00f1a del diario que publica la encuesta<\/p>\n","protected":false},"excerpt":{"rendered":"<p>La m\u00e1s reciente encuesta Gallup-Diario Libre indica que los dominicanos observan la econom\u00eda con creciente pesimismo Un 62.9 % considera negativa la situaci\u00f3n econ\u00f3mica del pa\u00eds: 22 % la define como \u00abmuy mala\u00bb y 40.9 % como \u00abmala\u00bb. Apenas un 21.6 % entiende que la econom\u00eda nacional es buena o muy buena. \u201ccuando la pregunta [&hellip;]<\/p>\n","protected":false},"author":1,"featured_media":88589,"comment_status":"open","ping_status":"open","sticky":false,"template":"","format":"standard","meta":{"tdm_status":"","tdm_grid_status":"","footnotes":""},"categories":[50],"tags":[],"_links":{"self":[{"href":"https:\/\/pldaldia.com\/portada\/wp-json\/wp\/v2\/posts\/88591"}],"collection":[{"href":"https:\/\/pldaldia.com\/portada\/wp-json\/wp\/v2\/posts"}],"about":[{"href":"https:\/\/pldaldia.com\/portada\/wp-json\/wp\/v2\/types\/post"}],"author":[{"embeddable":true,"href":"https:\/\/pldaldia.com\/portada\/wp-json\/wp\/v2\/users\/1"}],"replies":[{"embeddable":true,"href":"https:\/\/pldaldia.com\/portada\/wp-json\/wp\/v2\/comments?post=88591"}],"version-history":[{"count":1,"href":"https:\/\/pldaldia.com\/portada\/wp-json\/wp\/v2\/posts\/88591\/revisions"}],"predecessor-version":[{"id":88593,"href":"https:\/\/pldaldia.com\/portada\/wp-json\/wp\/v2\/posts\/88591\/revisions\/88593"}],"wp:featuredmedia":[{"embeddable":true,"href":"https:\/\/pldaldia.com\/portada\/wp-json\/wp\/v2\/media\/88589"}],"wp:attachment":[{"href":"https:\/\/pldaldia.com\/portada\/wp-json\/wp\/v2\/media?parent=88591"}],"wp:term":[{"taxonomy":"category","embeddable":true,"href":"https:\/\/pldaldia.com\/portada\/wp-json\/wp\/v2\/categories?post=88591"},{"taxonomy":"post_tag","embeddable":true,"href":"https:\/\/pldaldia.com\/portada\/wp-json\/wp\/v2\/tags?post=88591"}],"curies":[{"name":"wp","href":"https:\/\/api.w.org\/{rel}","templated":true}]}}