{"id":88594,"date":"2026-05-13T22:34:48","date_gmt":"2026-05-14T02:34:48","guid":{"rendered":"https:\/\/pldaldia.com\/portada\/?p=88594"},"modified":"2026-05-13T22:34:48","modified_gmt":"2026-05-14T02:34:48","slug":"dia-de-la-ascension","status":"publish","type":"post","link":"https:\/\/pldaldia.com\/portada\/dia-de-la-ascension\/","title":{"rendered":"D\u00eda de la Ascensi\u00f3n"},"content":{"rendered":"<p>La Ascensi\u00f3n del Se\u00f1or es una de las solemnidades m\u00e1s importantes del calendario cristiano, celebrada cuarenta d\u00edas despu\u00e9s del Domingo de Resurrecci\u00f3n. Este d\u00eda marca el momento en que Jesucristo, despu\u00e9s de su resurrecci\u00f3n, asciende al cielo en presencia de sus disc\u00edpulos, cumpliendo as\u00ed su misi\u00f3n terrenal y anunciando la llegada del Esp\u00edritu Santo.<\/p>\n","protected":false},"excerpt":{"rendered":"<p>La Ascensi\u00f3n del Se\u00f1or es una de las solemnidades m\u00e1s importantes del calendario cristiano, celebrada cuarenta d\u00edas despu\u00e9s del Domingo de Resurrecci\u00f3n. Este d\u00eda marca el momento en que Jesucristo, despu\u00e9s de su resurrecci\u00f3n, asciende al cielo en presencia de sus disc\u00edpulos, cumpliendo as\u00ed su misi\u00f3n terrenal y anunciando la llegada del Esp\u00edritu Santo.<\/p>\n","protected":false},"author":1,"featured_media":88592,"comment_status":"open","ping_status":"open","sticky":false,"template":"","format":"standard","meta":{"tdm_status":"","tdm_grid_status":"","footnotes":""},"categories":[57],"tags":[],"_links":{"self":[{"href":"https:\/\/pldaldia.com\/portada\/wp-json\/wp\/v2\/posts\/88594"}],"collection":[{"href":"https:\/\/pldaldia.com\/portada\/wp-json\/wp\/v2\/posts"}],"about":[{"href":"https:\/\/pldaldia.com\/portada\/wp-json\/wp\/v2\/types\/post"}],"author":[{"embeddable":true,"href":"https:\/\/pldaldia.com\/portada\/wp-json\/wp\/v2\/users\/1"}],"replies":[{"embeddable":true,"href":"https:\/\/pldaldia.com\/portada\/wp-json\/wp\/v2\/comments?post=88594"}],"version-history":[{"count":1,"href":"https:\/\/pldaldia.com\/portada\/wp-json\/wp\/v2\/posts\/88594\/revisions"}],"predecessor-version":[{"id":88595,"href":"https:\/\/pldaldia.com\/portada\/wp-json\/wp\/v2\/posts\/88594\/revisions\/88595"}],"wp:featuredmedia":[{"embeddable":true,"href":"https:\/\/pldaldia.com\/portada\/wp-json\/wp\/v2\/media\/88592"}],"wp:attachment":[{"href":"https:\/\/pldaldia.com\/portada\/wp-json\/wp\/v2\/media?parent=88594"}],"wp:term":[{"taxonomy":"category","embeddable":true,"href":"https:\/\/pldaldia.com\/portada\/wp-json\/wp\/v2\/categories?post=88594"},{"taxonomy":"post_tag","embeddable":true,"href":"https:\/\/pldaldia.com\/portada\/wp-json\/wp\/v2\/tags?post=88594"}],"curies":[{"name":"wp","href":"https:\/\/api.w.org\/{rel}","templated":true}]}}