{"id":88597,"date":"2026-05-14T11:18:24","date_gmt":"2026-05-14T15:18:24","guid":{"rendered":"https:\/\/pldaldia.com\/portada\/?p=88597"},"modified":"2026-05-14T11:18:24","modified_gmt":"2026-05-14T15:18:24","slug":"otro-dirigente-del-prm-se-juramenta-en-el-pld","status":"publish","type":"post","link":"https:\/\/pldaldia.com\/portada\/otro-dirigente-del-prm-se-juramenta-en-el-pld\/","title":{"rendered":"Otro dirigente del PRM se juramenta en el PLD"},"content":{"rendered":"<p>La avalancha de nuevos miembros llega al PLD procedentes de otros partidos. Caso de Carlos Vidal, ex secretario general del PRM en Zambrana, S\u00e1nchez Ram\u00edrez.<\/p>\n<p>En la continuaci\u00f3n de la avalancha de nuevos miembros que ingresan al Partido de la Liberaci\u00f3n Dominicana (PLD), el ex presidente de la Rep\u00fablica, Danilo Medina, Presidente del PLD, le tom\u00f3 el juramento a Carlos Vidal, apodado El Guardia, renunciante secretario general del PRM en el distrito municipal Zambrana, provincia S\u00e1nchez Ram\u00edrez.<\/p>\n<p>Vidal lleg\u00f3 a las oficinas de la Presidencia del PLD acompa\u00f1ado de los reconocidos dirigentes pelede\u00edstas, Freddy Hidalgo y Francisco Santiago Marte.<\/p>\n<p><a href=\"http:\/\/vanguardiadelpueblo.do\/wp-content\/uploads\/2026\/05\/b3f6a6f8-5c49-4e2e-a20c-5210c91372a5.jpg\"><img decoding=\"async\" loading=\"lazy\" class=\"alignright size-medium wp-image-239699\" src=\"http:\/\/vanguardiadelpueblo.do\/wp-content\/uploads\/2026\/05\/b3f6a6f8-5c49-4e2e-a20c-5210c91372a5-352x320.jpg\" alt=\"\" width=\"352\" height=\"320\" \/><\/a>En el solemne acto de juramentaci\u00f3n Vidal, adem\u00e1s de comprometerse a respetar la Estatutos y Reglamentos del Partido de la Liberaci\u00f3n Dominicana, se responsabiliz\u00f3 en aportar su experiencia y trabajo en las lides pol\u00edticas en su comunidad a favor del triunfo electoral del PLD en los venideros comicios.<\/p>\n<p>Antes y despu\u00e9s del momento de la juramentaci\u00f3n los dirigentes partidarios conversaron con el Presidente Danilo Medina sobre la situaci\u00f3n del pa\u00eds y en especial de la provincia S\u00e1nchez Ram\u00edrez en la que se tiene grandes expectativas sobre la asamblea que realizar\u00e1 el PLD en Cotu\u00ed en los pr\u00f3ximos d\u00edas.<\/p>\n<p>Los datos generales de Carlos Vidal de inmediato se tramitaron a la Secretar\u00eda de Organizaci\u00f3n del PLD para asentarlo en el padr\u00f3n pelede\u00edsta y que la direcci\u00f3n provincial les asigne tareas a cumplir en su comunidad.<\/p>\n","protected":false},"excerpt":{"rendered":"<p>La avalancha de nuevos miembros llega al PLD procedentes de otros partidos. Caso de Carlos Vidal, ex secretario general del PRM en Zambrana, S\u00e1nchez Ram\u00edrez. En la continuaci\u00f3n de la avalancha de nuevos miembros que ingresan al Partido de la Liberaci\u00f3n Dominicana (PLD), el ex presidente de la Rep\u00fablica, Danilo Medina, Presidente del PLD, le [&hellip;]<\/p>\n","protected":false},"author":1,"featured_media":88598,"comment_status":"open","ping_status":"open","sticky":false,"template":"","format":"standard","meta":{"tdm_status":"","tdm_grid_status":"","footnotes":""},"categories":[9],"tags":[],"_links":{"self":[{"href":"https:\/\/pldaldia.com\/portada\/wp-json\/wp\/v2\/posts\/88597"}],"collection":[{"href":"https:\/\/pldaldia.com\/portada\/wp-json\/wp\/v2\/posts"}],"about":[{"href":"https:\/\/pldaldia.com\/portada\/wp-json\/wp\/v2\/types\/post"}],"author":[{"embeddable":true,"href":"https:\/\/pldaldia.com\/portada\/wp-json\/wp\/v2\/users\/1"}],"replies":[{"embeddable":true,"href":"https:\/\/pldaldia.com\/portada\/wp-json\/wp\/v2\/comments?post=88597"}],"version-history":[{"count":1,"href":"https:\/\/pldaldia.com\/portada\/wp-json\/wp\/v2\/posts\/88597\/revisions"}],"predecessor-version":[{"id":88599,"href":"https:\/\/pldaldia.com\/portada\/wp-json\/wp\/v2\/posts\/88597\/revisions\/88599"}],"wp:featuredmedia":[{"embeddable":true,"href":"https:\/\/pldaldia.com\/portada\/wp-json\/wp\/v2\/media\/88598"}],"wp:attachment":[{"href":"https:\/\/pldaldia.com\/portada\/wp-json\/wp\/v2\/media?parent=88597"}],"wp:term":[{"taxonomy":"category","embeddable":true,"href":"https:\/\/pldaldia.com\/portada\/wp-json\/wp\/v2\/categories?post=88597"},{"taxonomy":"post_tag","embeddable":true,"href":"https:\/\/pldaldia.com\/portada\/wp-json\/wp\/v2\/tags?post=88597"}],"curies":[{"name":"wp","href":"https:\/\/api.w.org\/{rel}","templated":true}]}}