{"id":88603,"date":"2026-05-14T12:02:38","date_gmt":"2026-05-14T16:02:38","guid":{"rendered":"https:\/\/pldaldia.com\/portada\/?p=88603"},"modified":"2026-05-14T12:02:38","modified_gmt":"2026-05-14T16:02:38","slug":"encuestas-demuestran-fortaleza-alcanzada-por-el-pld","status":"publish","type":"post","link":"https:\/\/pldaldia.com\/portada\/encuestas-demuestran-fortaleza-alcanzada-por-el-pld\/","title":{"rendered":"Encuestas demuestran fortaleza alcanzada por el PLD"},"content":{"rendered":"<p>Ram\u00f3n Ventura Camejo, sugiere a la direcci\u00f3n de su Partido, el PLD, fortalecer la coherencia estrat\u00e9gica y la unidad organizacional.<\/p>\n<p>Ram\u00f3n Ventura Camejo, miembro del Comit\u00e9 Central del Partido de la Liberaci\u00f3n Dominicana (PLD), resalt\u00f3 la fortaleza y posicionamiento en el electorado de esa organizaci\u00f3n pol\u00edtica, tal como ha quedado de manifiesto en las \u00faltimas encuestas dadas a conocer.<\/p>\n<p>En el caso de la correspondiente a firma Gallup, publicada en el peri\u00f3dico Diario Libre, Ventura Camejo resalta la tendencia creciente en simpat\u00edas del PLD, pese a cuestionar algunos de los detalles de la medici\u00f3n.<\/p>\n<p>\u201cA pesar de la validez de cuestionarse algunos aspectos del rigor metodol\u00f3gico, de la identificaci\u00f3n de intereses manifiestos y de los sesgos de algunos datos, como el 21. 8 % de ninguno, codificado como un vac\u00edo o desconexi\u00f3n interna&#8230; La encuesta muestra la tendencia creciente del PLD\u201d, explica el reconocido dirigente del PLD, quien se encuentra en la lista de los aspirantes a la candidatura presidencial de esa organizaci\u00f3n.<\/p>\n<p>Sostiene que el posicionamiento que viene alcanzando el PLD, es un notorio \u201cavance en su trayectoria hacia el triunfo electoral en el 2028\u201d.<\/p>\n<p>La interpretaci\u00f3n que hace el exsenador de la Rep\u00fablica de los resultados de la encuesta le lleva a hacer p\u00fablico tres cuestiones, que considera esencial:<\/p>\n<p>1- Felicitar al Partido, a la direcci\u00f3n y a su presidente, Danilo Medina, por las eficacias de las actividades que han producido estos resultados.<\/p>\n<p>2- Realizar en lo inmediato un diagn\u00f3stico general que, entre otros objetivos, identifique qu\u00e9 debemos continuar haciendo, las modificaciones que son necesarias y que pr\u00e1cticas descontinuar.<\/p>\n<p>3- Fortalecer la coherencia estrat\u00e9gica y la unidad organizacional.<\/p>\n","protected":false},"excerpt":{"rendered":"<p>Ram\u00f3n Ventura Camejo, sugiere a la direcci\u00f3n de su Partido, el PLD, fortalecer la coherencia estrat\u00e9gica y la unidad organizacional. Ram\u00f3n Ventura Camejo, miembro del Comit\u00e9 Central del Partido de la Liberaci\u00f3n Dominicana (PLD), resalt\u00f3 la fortaleza y posicionamiento en el electorado de esa organizaci\u00f3n pol\u00edtica, tal como ha quedado de manifiesto en las \u00faltimas [&hellip;]<\/p>\n","protected":false},"author":1,"featured_media":88604,"comment_status":"open","ping_status":"open","sticky":false,"template":"","format":"standard","meta":{"tdm_status":"","tdm_grid_status":"","footnotes":""},"categories":[9],"tags":[],"_links":{"self":[{"href":"https:\/\/pldaldia.com\/portada\/wp-json\/wp\/v2\/posts\/88603"}],"collection":[{"href":"https:\/\/pldaldia.com\/portada\/wp-json\/wp\/v2\/posts"}],"about":[{"href":"https:\/\/pldaldia.com\/portada\/wp-json\/wp\/v2\/types\/post"}],"author":[{"embeddable":true,"href":"https:\/\/pldaldia.com\/portada\/wp-json\/wp\/v2\/users\/1"}],"replies":[{"embeddable":true,"href":"https:\/\/pldaldia.com\/portada\/wp-json\/wp\/v2\/comments?post=88603"}],"version-history":[{"count":1,"href":"https:\/\/pldaldia.com\/portada\/wp-json\/wp\/v2\/posts\/88603\/revisions"}],"predecessor-version":[{"id":88605,"href":"https:\/\/pldaldia.com\/portada\/wp-json\/wp\/v2\/posts\/88603\/revisions\/88605"}],"wp:featuredmedia":[{"embeddable":true,"href":"https:\/\/pldaldia.com\/portada\/wp-json\/wp\/v2\/media\/88604"}],"wp:attachment":[{"href":"https:\/\/pldaldia.com\/portada\/wp-json\/wp\/v2\/media?parent=88603"}],"wp:term":[{"taxonomy":"category","embeddable":true,"href":"https:\/\/pldaldia.com\/portada\/wp-json\/wp\/v2\/categories?post=88603"},{"taxonomy":"post_tag","embeddable":true,"href":"https:\/\/pldaldia.com\/portada\/wp-json\/wp\/v2\/tags?post=88603"}],"curies":[{"name":"wp","href":"https:\/\/api.w.org\/{rel}","templated":true}]}}