{"id":88613,"date":"2026-05-14T22:49:52","date_gmt":"2026-05-15T02:49:52","guid":{"rendered":"https:\/\/pldaldia.com\/portada\/?p=88613"},"modified":"2026-05-14T22:49:52","modified_gmt":"2026-05-15T02:49:52","slug":"atencion-pld-lideres-tods","status":"publish","type":"post","link":"https:\/\/pldaldia.com\/portada\/atencion-pld-lideres-tods\/","title":{"rendered":"ATENCI\u00d3N PLD LIDERES TOD@S"},"content":{"rendered":"<p>Por: Lic Ruddy P\u00e9rez | La oposici\u00f3n dominicana tiene que decidir si seguir\u00e1 atrapada entre egos, heridas pol\u00edticas y diferencias personales, o si finalmente asumir\u00e1 con madurez hist\u00f3rica la responsabilidad de construir un verdadero frente opositor capaz de rescatar a la Rep\u00fablica Dominicana del atraso, el abandono y el deterioro institucional que vive hoy el pa\u00eds.<\/p>\n<p>Resulta incre\u00edble que los dos principales partidos de oposici\u00f3n, integrados por hombres y mujeres que s\u00ed conocen el Estado y saben gobernar, todav\u00eda no logren comprender que el momento pol\u00edtico exige m\u00e1s pa\u00eds y menos individualismo.<\/p>\n<p>Durante los a\u00f1os en que el PLD se mantuvo unido como un solo cuerpo pol\u00edtico, la Rep\u00fablica Dominicana avanz\u00f3:<\/p>\n<p>&#8211; crecimiento econ\u00f3mico,<br \/>\n&#8211; desarrollo tur\u00edstico,<br \/>\n&#8211; estabilidad,<br \/>\n&#8211; obras de infraestructura,<br \/>\n&#8211; programas sociales,<br \/>\n&#8211; modernizaci\u00f3n del Estado,<br \/>\n&#8211; y oportunidades para millones de dominicanos.<\/p>\n<p>Hoy, en cambio, vemos un pa\u00eds donde los servicios p\u00fablicos se deterioran, el costo de la vida golpea a la gente, la econom\u00eda pierde dinamismo y el pueblo comienza a sentir nuevamente desesperanza.<\/p>\n<p>Y mientras eso ocurre, sectores de la oposici\u00f3n siguen enfrascados en disputas internas, alimentando divisiones que solo favorecen a quienes hoy gobiernan.<\/p>\n<p>Hay diferencias, s\u00ed. Hay heridas pol\u00edticas, tambi\u00e9n. Y quiz\u00e1s muchas cosas del pasado no se manejaron de la mejor manera. Pero ya no se trata de intereses individuales ni de orgullos personales. Se trata de la Rep\u00fablica Dominicana.<\/p>\n<p>Porque si por egos, resentimientos o c\u00e1lculos pol\u00edticos se permite que el pa\u00eds contin\u00fae hundi\u00e9ndose en el retroceso, entonces los \u00fanicos responsables no ser\u00e1n quienes hoy gobiernan, sino tambi\u00e9n aquellos que teniendo la posibilidad de unirse para producir un cambio, no fueron capaces de ponerse de acuerdo.<\/p>\n<p>La historia ser\u00e1 dura con quienes prefieran proyectos personales antes que pensar en el futuro del pa\u00eds. Porque la Rep\u00fablica Dominicana necesita una oposici\u00f3n fuerte, madura, estrat\u00e9gica y unificada. No para destruir, sino para reconstruir una naci\u00f3n que merece volver a avanzar.<\/p>\n","protected":false},"excerpt":{"rendered":"<p>Por: Lic Ruddy P\u00e9rez | La oposici\u00f3n dominicana tiene que decidir si seguir\u00e1 atrapada entre egos, heridas pol\u00edticas y diferencias personales, o si finalmente asumir\u00e1 con madurez hist\u00f3rica la responsabilidad de construir un verdadero frente opositor capaz de rescatar a la Rep\u00fablica Dominicana del atraso, el abandono y el deterioro institucional que vive hoy el [&hellip;]<\/p>\n","protected":false},"author":1,"featured_media":84646,"comment_status":"open","ping_status":"open","sticky":false,"template":"","format":"standard","meta":{"tdm_status":"","tdm_grid_status":"","footnotes":""},"categories":[53],"tags":[],"_links":{"self":[{"href":"https:\/\/pldaldia.com\/portada\/wp-json\/wp\/v2\/posts\/88613"}],"collection":[{"href":"https:\/\/pldaldia.com\/portada\/wp-json\/wp\/v2\/posts"}],"about":[{"href":"https:\/\/pldaldia.com\/portada\/wp-json\/wp\/v2\/types\/post"}],"author":[{"embeddable":true,"href":"https:\/\/pldaldia.com\/portada\/wp-json\/wp\/v2\/users\/1"}],"replies":[{"embeddable":true,"href":"https:\/\/pldaldia.com\/portada\/wp-json\/wp\/v2\/comments?post=88613"}],"version-history":[{"count":2,"href":"https:\/\/pldaldia.com\/portada\/wp-json\/wp\/v2\/posts\/88613\/revisions"}],"predecessor-version":[{"id":88615,"href":"https:\/\/pldaldia.com\/portada\/wp-json\/wp\/v2\/posts\/88613\/revisions\/88615"}],"wp:featuredmedia":[{"embeddable":true,"href":"https:\/\/pldaldia.com\/portada\/wp-json\/wp\/v2\/media\/84646"}],"wp:attachment":[{"href":"https:\/\/pldaldia.com\/portada\/wp-json\/wp\/v2\/media?parent=88613"}],"wp:term":[{"taxonomy":"category","embeddable":true,"href":"https:\/\/pldaldia.com\/portada\/wp-json\/wp\/v2\/categories?post=88613"},{"taxonomy":"post_tag","embeddable":true,"href":"https:\/\/pldaldia.com\/portada\/wp-json\/wp\/v2\/tags?post=88613"}],"curies":[{"name":"wp","href":"https:\/\/api.w.org\/{rel}","templated":true}]}}