{"id":88616,"date":"2026-05-14T22:54:36","date_gmt":"2026-05-15T02:54:36","guid":{"rendered":"https:\/\/pldaldia.com\/portada\/?p=88616"},"modified":"2026-05-14T22:54:36","modified_gmt":"2026-05-15T02:54:36","slug":"dia-internacional-de-las-familia","status":"publish","type":"post","link":"https:\/\/pldaldia.com\/portada\/dia-internacional-de-las-familia\/","title":{"rendered":"D\u00eda Internacional de las Familia"},"content":{"rendered":"<p>El D\u00eda Internacional de las Familias se celebra el 15 de mayo de cada a\u00f1o, con el fin de concienciar a la poblaci\u00f3n sobre el papel que tiene la familia en la educaci\u00f3n y la formaci\u00f3n de los hijos desde la primera infancia, as\u00ed como fomentar los lazos familiares y la uni\u00f3n familiar.<\/p>\n","protected":false},"excerpt":{"rendered":"<p>El D\u00eda Internacional de las Familias se celebra el 15 de mayo de cada a\u00f1o, con el fin de concienciar a la poblaci\u00f3n sobre el papel que tiene la familia en la educaci\u00f3n y la formaci\u00f3n de los hijos desde la primera infancia, as\u00ed como fomentar los lazos familiares y la uni\u00f3n familiar.<\/p>\n","protected":false},"author":1,"featured_media":88617,"comment_status":"open","ping_status":"open","sticky":false,"template":"","format":"standard","meta":{"tdm_status":"","tdm_grid_status":"","footnotes":""},"categories":[57],"tags":[],"_links":{"self":[{"href":"https:\/\/pldaldia.com\/portada\/wp-json\/wp\/v2\/posts\/88616"}],"collection":[{"href":"https:\/\/pldaldia.com\/portada\/wp-json\/wp\/v2\/posts"}],"about":[{"href":"https:\/\/pldaldia.com\/portada\/wp-json\/wp\/v2\/types\/post"}],"author":[{"embeddable":true,"href":"https:\/\/pldaldia.com\/portada\/wp-json\/wp\/v2\/users\/1"}],"replies":[{"embeddable":true,"href":"https:\/\/pldaldia.com\/portada\/wp-json\/wp\/v2\/comments?post=88616"}],"version-history":[{"count":1,"href":"https:\/\/pldaldia.com\/portada\/wp-json\/wp\/v2\/posts\/88616\/revisions"}],"predecessor-version":[{"id":88618,"href":"https:\/\/pldaldia.com\/portada\/wp-json\/wp\/v2\/posts\/88616\/revisions\/88618"}],"wp:featuredmedia":[{"embeddable":true,"href":"https:\/\/pldaldia.com\/portada\/wp-json\/wp\/v2\/media\/88617"}],"wp:attachment":[{"href":"https:\/\/pldaldia.com\/portada\/wp-json\/wp\/v2\/media?parent=88616"}],"wp:term":[{"taxonomy":"category","embeddable":true,"href":"https:\/\/pldaldia.com\/portada\/wp-json\/wp\/v2\/categories?post=88616"},{"taxonomy":"post_tag","embeddable":true,"href":"https:\/\/pldaldia.com\/portada\/wp-json\/wp\/v2\/tags?post=88616"}],"curies":[{"name":"wp","href":"https:\/\/api.w.org\/{rel}","templated":true}]}}