{"id":88619,"date":"2026-05-14T22:55:29","date_gmt":"2026-05-15T02:55:29","guid":{"rendered":"https:\/\/pldaldia.com\/portada\/?p=88619"},"modified":"2026-05-14T22:57:07","modified_gmt":"2026-05-15T02:57:07","slug":"advierte-desaceleracion-del-crecimiento-economico","status":"publish","type":"post","link":"https:\/\/pldaldia.com\/portada\/advierte-desaceleracion-del-crecimiento-economico\/","title":{"rendered":"Advierte desaceleraci\u00f3n del crecimiento econ\u00f3mico"},"content":{"rendered":"<p>Richard Medina, economista y miembro del Comit\u00e9 Pol\u00edtico del Partido de la Liberaci\u00f3n Dominicana ( PLD) se\u00f1al\u00f3 que la persistencia de tasas altas de inter\u00e9s en Estados Unidos tendr\u00eda efectos directos sobre Rep\u00fablica Dominicana, especialmente en materia financiera y cambiaria, al hablar sobre la cumbre que se desarroll\u00f3 entre el presidente estadounidense Donald Trump y el de China Xi Jinping que se desarroll\u00f3 el mi\u00e9rcoles 13 de mayo en la naci\u00f3n asi\u00e1tica.<\/p>\n<p>Medina afirm\u00f3 que si las tasas de inter\u00e9s en Estados Unidos permanecen elevadas, la Rep\u00fablica Dominicana tendr\u00eda que mantener altas tasas tambi\u00e9n para as\u00ed evitar presiones sobre el d\u00f3lar y los activos en los pesos dominicanos y que si se aumenta all\u00e1, se genera presi\u00f3n en nuestro pa\u00eds.<\/p>\n<p>\u00abEl aumento de los precios del petr\u00f3leo y la inflaci\u00f3n internacional podr\u00edan provocar una desaceleraci\u00f3n del crecimiento econ\u00f3mico dominicano durante los pr\u00f3ximos meses\u00bb, adelant\u00f3.<\/p>\n","protected":false},"excerpt":{"rendered":"<p>Richard Medina, economista y miembro del Comit\u00e9 Pol\u00edtico del Partido de la Liberaci\u00f3n Dominicana ( PLD) se\u00f1al\u00f3 que la persistencia de tasas altas de inter\u00e9s en Estados Unidos tendr\u00eda efectos directos sobre Rep\u00fablica Dominicana, especialmente en materia financiera y cambiaria, al hablar sobre la cumbre que se desarroll\u00f3 entre el presidente estadounidense Donald Trump y [&hellip;]<\/p>\n","protected":false},"author":1,"featured_media":88622,"comment_status":"open","ping_status":"open","sticky":false,"template":"","format":"standard","meta":{"tdm_status":"","tdm_grid_status":"","footnotes":""},"categories":[50],"tags":[],"_links":{"self":[{"href":"https:\/\/pldaldia.com\/portada\/wp-json\/wp\/v2\/posts\/88619"}],"collection":[{"href":"https:\/\/pldaldia.com\/portada\/wp-json\/wp\/v2\/posts"}],"about":[{"href":"https:\/\/pldaldia.com\/portada\/wp-json\/wp\/v2\/types\/post"}],"author":[{"embeddable":true,"href":"https:\/\/pldaldia.com\/portada\/wp-json\/wp\/v2\/users\/1"}],"replies":[{"embeddable":true,"href":"https:\/\/pldaldia.com\/portada\/wp-json\/wp\/v2\/comments?post=88619"}],"version-history":[{"count":1,"href":"https:\/\/pldaldia.com\/portada\/wp-json\/wp\/v2\/posts\/88619\/revisions"}],"predecessor-version":[{"id":88620,"href":"https:\/\/pldaldia.com\/portada\/wp-json\/wp\/v2\/posts\/88619\/revisions\/88620"}],"wp:featuredmedia":[{"embeddable":true,"href":"https:\/\/pldaldia.com\/portada\/wp-json\/wp\/v2\/media\/88622"}],"wp:attachment":[{"href":"https:\/\/pldaldia.com\/portada\/wp-json\/wp\/v2\/media?parent=88619"}],"wp:term":[{"taxonomy":"category","embeddable":true,"href":"https:\/\/pldaldia.com\/portada\/wp-json\/wp\/v2\/categories?post=88619"},{"taxonomy":"post_tag","embeddable":true,"href":"https:\/\/pldaldia.com\/portada\/wp-json\/wp\/v2\/tags?post=88619"}],"curies":[{"name":"wp","href":"https:\/\/api.w.org\/{rel}","templated":true}]}}