{"id":88623,"date":"2026-05-15T11:27:20","date_gmt":"2026-05-15T15:27:20","guid":{"rendered":"https:\/\/pldaldia.com\/portada\/?p=88623"},"modified":"2026-05-15T11:27:20","modified_gmt":"2026-05-15T15:27:20","slug":"asamblea-del-pld-este-domingo-en-provincia-elias-pina","status":"publish","type":"post","link":"https:\/\/pldaldia.com\/portada\/asamblea-del-pld-este-domingo-en-provincia-elias-pina\/","title":{"rendered":"Asamblea del PLD este domingo en provincia El\u00edas Pi\u00f1a"},"content":{"rendered":"<p>El expresidente Danilo Medina, presidente del PLD; y Johnny Pujols encabezan este domingo la asamblea de miembros y militantes en la provincia El\u00edas Pi\u00f1a.<\/p>\n<p>El expresidente de la Rep\u00fablica, Danilo Medina, presidente del Partido de la Liberaci\u00f3n Dominicana (PLD), acompa\u00f1ado del Secretario General de la organizaci\u00f3n pol\u00edtica, Johnny Pujols, estar\u00e1n este domingo en la provincia El\u00edas Pi\u00f1a, para presidir la asamblea provincial de miembros y militantes de la organizaci\u00f3n junto a ciudadanos y ciudadanas de all\u00ed.<\/p>\n<p>Con el encuentro de este domingo, 17 de mayo, el PLD da continuidad a un amplio programa de asambleas provinciales y de Circunscripciones Electorales que ha movilizado el Partido como parte de su estrategia de fortalecimiento y conexi\u00f3n social.<\/p>\n<p>La actividad est\u00e1 programada para iniciar a partir de las 10:00 de la ma\u00f1ana en el local del Club de las Peceras en el Municipio Comendador, que es el municipio cabecera de la provincia, con una agenda que incluye las intervenciones de los dirigentes locales, del Secretario General y el discurso de cierre a cargo del presidente del PLD, Danilo Medina.<\/p>\n<p>La direcci\u00f3n provincial, que ha reportado intensas jornadas de trabajo preparatoria del encuentro, garantiza la presencia masiva de militantes en la asamblea y de representaciones de las diferentes comunidades, que anhelan el regreso del PLD al Gobierno.<\/p>\n<p>En la asamblea del domingo se juramentar\u00e1n unos 150 nuevos miembros al PLD, en su mayor\u00eda primeros votantes.<\/p>\n<p>Con la de este domingo en Comendador, El\u00edas Pi\u00f1a, el PLD da continuidad a sus asambleas provinciales, que ha llevado a la dirigencia del PLD a recorrer toda la geograf\u00eda nacional, con miras al fortalecimiento org\u00e1nico y la presentaci\u00f3n de sus propuestas program\u00e1ticas al pueblo dominicano con miras a la pr\u00f3xima cita electoral.<\/p>\n","protected":false},"excerpt":{"rendered":"<p>El expresidente Danilo Medina, presidente del PLD; y Johnny Pujols encabezan este domingo la asamblea de miembros y militantes en la provincia El\u00edas Pi\u00f1a. El expresidente de la Rep\u00fablica, Danilo Medina, presidente del Partido de la Liberaci\u00f3n Dominicana (PLD), acompa\u00f1ado del Secretario General de la organizaci\u00f3n pol\u00edtica, Johnny Pujols, estar\u00e1n este domingo en la provincia [&hellip;]<\/p>\n","protected":false},"author":1,"featured_media":88624,"comment_status":"open","ping_status":"open","sticky":false,"template":"","format":"standard","meta":{"tdm_status":"","tdm_grid_status":"","footnotes":""},"categories":[9],"tags":[],"_links":{"self":[{"href":"https:\/\/pldaldia.com\/portada\/wp-json\/wp\/v2\/posts\/88623"}],"collection":[{"href":"https:\/\/pldaldia.com\/portada\/wp-json\/wp\/v2\/posts"}],"about":[{"href":"https:\/\/pldaldia.com\/portada\/wp-json\/wp\/v2\/types\/post"}],"author":[{"embeddable":true,"href":"https:\/\/pldaldia.com\/portada\/wp-json\/wp\/v2\/users\/1"}],"replies":[{"embeddable":true,"href":"https:\/\/pldaldia.com\/portada\/wp-json\/wp\/v2\/comments?post=88623"}],"version-history":[{"count":1,"href":"https:\/\/pldaldia.com\/portada\/wp-json\/wp\/v2\/posts\/88623\/revisions"}],"predecessor-version":[{"id":88625,"href":"https:\/\/pldaldia.com\/portada\/wp-json\/wp\/v2\/posts\/88623\/revisions\/88625"}],"wp:featuredmedia":[{"embeddable":true,"href":"https:\/\/pldaldia.com\/portada\/wp-json\/wp\/v2\/media\/88624"}],"wp:attachment":[{"href":"https:\/\/pldaldia.com\/portada\/wp-json\/wp\/v2\/media?parent=88623"}],"wp:term":[{"taxonomy":"category","embeddable":true,"href":"https:\/\/pldaldia.com\/portada\/wp-json\/wp\/v2\/categories?post=88623"},{"taxonomy":"post_tag","embeddable":true,"href":"https:\/\/pldaldia.com\/portada\/wp-json\/wp\/v2\/tags?post=88623"}],"curies":[{"name":"wp","href":"https:\/\/api.w.org\/{rel}","templated":true}]}}